{"id":5176,"date":"2024-03-26T12:17:47","date_gmt":"2024-03-26T15:17:47","guid":{"rendered":"https:\/\/sabuguinho.com.br\/site\/?p=5176"},"modified":"2024-03-26T12:17:47","modified_gmt":"2024-03-26T15:17:47","slug":"educacao-dia-mundial-da-agua-e-celebrado-em-escolas-municipais","status":"publish","type":"post","link":"https:\/\/sabuguinho.com.br\/site\/educacao-dia-mundial-da-agua-e-celebrado-em-escolas-municipais\/","title":{"rendered":"EDUCA\u00c7\u00c3O-   Dia Mundial da \u00c1gua \u00e9 celebrado em escolas municipais"},"content":{"rendered":"<p>Atividades voltadas \u00e0 conscientiza\u00e7\u00e3o inclu\u00edram apresenta\u00e7\u00f5es musicais e produ\u00e7\u00e3o de cartazes<\/p>\n<p>Comemorado em 22 de mar\u00e7o, o Dia Mundial da \u00c1gua foi celebrado com uma s\u00e9rie de atividades na Rede Municipal de Ensino.<br \/>\n\u201cA proposta \u00e9 conscientizar os alunos sobre a import\u00e2ncia desse recurso natural para a vida humana, bem como alertar sobre a necessidade de preserv\u00e1-lo\u201d, destaca a Secretaria Municipal de Educa\u00e7\u00e3o<br \/>\nO Projeto \u00c1gua envolveu crian\u00e7as de todas as etapas em todas as unidades escolares. As atividades inclu\u00edram palestras, apresenta\u00e7\u00f5es musicais e produ\u00e7\u00e3o de cartazes e colagens, sempre com a participa\u00e7\u00e3o dos alunos.<br \/>\nO tema tamb\u00e9m foi trabalhado durante as aulas de inform\u00e1tica. Professores utilizaram a tecnologia para conscientizar os estudantes por meio de v\u00eddeos did\u00e1ticos e atividades pedag\u00f3gica<\/p>\n<p>Al\u00e9m dos muros da escola<\/p>\n<p>O projeto \u00e9 pensado para que os alunos propaguem os conte\u00fados aprendidos entre familiares e no local onde vive<br \/>\n\u201cDessa forma, a conscientiza\u00e7\u00e3o vai muito al\u00e9m dos muros escolares e atinge toda a comunidade\u201d, destaca a pasta.<\/p>\n<p>L<br \/>\n<img loading=\"lazy\" decoding=\"async\" src=\"https:\/\/sabuguinho.com.br\/site\/wp-content\/uploads\/2024\/03\/Educacao-Dia-Mundial-da-Agua-150x84.jpg\" alt=\"\" width=\"150\" height=\"84\" class=\"alignnone size-medium wp-image-5177\" srcset=\"https:\/\/sabuguinho.com.br\/site\/wp-content\/uploads\/2024\/03\/Educacao-Dia-Mundial-da-Agua-150x84.jpg 150w, https:\/\/sabuguinho.com.br\/site\/wp-content\/uploads\/2024\/03\/Educacao-Dia-Mundial-da-Agua-512x288.jpg 512w, https:\/\/sabuguinho.com.br\/site\/wp-content\/uploads\/2024\/03\/Educacao-Dia-Mundial-da-Agua-768x432.jpg 768w, https:\/\/sabuguinho.com.br\/site\/wp-content\/uploads\/2024\/03\/Educacao-Dia-Mundial-da-Agua-750x422.jpg 750w, https:\/\/sabuguinho.com.br\/site\/wp-content\/uploads\/2024\/03\/Educacao-Dia-Mundial-da-Agua.jpg 1040w\" sizes=\"auto, (max-width: 150px) 100vw, 150px\" \/><\/p>\n<p><img loading=\"lazy\" decoding=\"async\" src=\"https:\/\/sabuguinho.com.br\/site\/wp-content\/uploads\/2024\/03\/Educacao-Dia-Mundial-da-Agua-2-150x84.jpg\" alt=\"\" width=\"150\" height=\"84\" class=\"alignnone size-medium wp-image-5178\" srcset=\"https:\/\/sabuguinho.com.br\/site\/wp-content\/uploads\/2024\/03\/Educacao-Dia-Mundial-da-Agua-2-150x84.jpg 150w, https:\/\/sabuguinho.com.br\/site\/wp-content\/uploads\/2024\/03\/Educacao-Dia-Mundial-da-Agua-2-512x288.jpg 512w, https:\/\/sabuguinho.com.br\/site\/wp-content\/uploads\/2024\/03\/Educacao-Dia-Mundial-da-Agua-2-768x432.jpg 768w, https:\/\/sabuguinho.com.br\/site\/wp-content\/uploads\/2024\/03\/Educacao-Dia-Mundial-da-Agua-2-750x422.jpg 750w, https:\/\/sabuguinho.com.br\/site\/wp-content\/uploads\/2024\/03\/Educacao-Dia-Mundial-da-Agua-2.jpg 1040w\" sizes=\"auto, (max-width: 150px) 100vw, 150px\" \/><\/p>\n<p><img loading=\"lazy\" decoding=\"async\" src=\"https:\/\/sabuguinho.com.br\/site\/wp-content\/uploads\/2024\/03\/Educacao-Dia-Mundial-da-Agua-1-150x110.jpg\" alt=\"\" width=\"150\" height=\"110\" class=\"alignnone size-medium wp-image-5179\" srcset=\"https:\/\/sabuguinho.com.br\/site\/wp-content\/uploads\/2024\/03\/Educacao-Dia-Mundial-da-Agua-1-150x110.jpg 150w, https:\/\/sabuguinho.com.br\/site\/wp-content\/uploads\/2024\/03\/Educacao-Dia-Mundial-da-Agua-1-512x376.jpg 512w, https:\/\/sabuguinho.com.br\/site\/wp-content\/uploads\/2024\/03\/Educacao-Dia-Mundial-da-Agua-1-768x563.jpg 768w, https:\/\/sabuguinho.com.br\/site\/wp-content\/uploads\/2024\/03\/Educacao-Dia-Mundial-da-Agua-1-750x550.jpg 750w, https:\/\/sabuguinho.com.br\/site\/wp-content\/uploads\/2024\/03\/Educacao-Dia-Mundial-da-Agua-1-1140x836.jpg 1140w, https:\/\/sabuguinho.com.br\/site\/wp-content\/uploads\/2024\/03\/Educacao-Dia-Mundial-da-Agua-1.jpg 1367w\" sizes=\"auto, (max-width: 150px) 100vw, 150px\" \/><\/p>\n","protected":false},"excerpt":{"rendered":"<p>Atividades voltadas \u00e0 conscientiza\u00e7\u00e3o inclu\u00edram apresenta\u00e7\u00f5es musicais e produ\u00e7\u00e3o de cartazes Comemorado em 22 de mar\u00e7o, o Dia Mundial da \u00c1gua foi celebrado com uma s\u00e9rie de atividades na Rede Municipal de Ensino. \u201cA proposta \u00e9 conscientizar os alunos sobre a import\u00e2ncia desse recurso natural para a vida humana, bem como alertar sobre a necessidade [&hellip;]<\/p>\n","protected":false},"author":2,"featured_media":5180,"comment_status":"open","ping_status":"open","sticky":false,"template":"","format":"standard","meta":{"footnotes":""},"categories":[58],"tags":[],"class_list":["post-5176","post","type-post","status-publish","format-standard","has-post-thumbnail","hentry","category-noticias-locais"],"_links":{"self":[{"href":"https:\/\/sabuguinho.com.br\/site\/wp-json\/wp\/v2\/posts\/5176","targetHints":{"allow":["GET"]}}],"collection":[{"href":"https:\/\/sabuguinho.com.br\/site\/wp-json\/wp\/v2\/posts"}],"about":[{"href":"https:\/\/sabuguinho.com.br\/site\/wp-json\/wp\/v2\/types\/post"}],"author":[{"embeddable":true,"href":"https:\/\/sabuguinho.com.br\/site\/wp-json\/wp\/v2\/users\/2"}],"replies":[{"embeddable":true,"href":"https:\/\/sabuguinho.com.br\/site\/wp-json\/wp\/v2\/comments?post=5176"}],"version-history":[{"count":1,"href":"https:\/\/sabuguinho.com.br\/site\/wp-json\/wp\/v2\/posts\/5176\/revisions"}],"predecessor-version":[{"id":5181,"href":"https:\/\/sabuguinho.com.br\/site\/wp-json\/wp\/v2\/posts\/5176\/revisions\/5181"}],"wp:featuredmedia":[{"embeddable":true,"href":"https:\/\/sabuguinho.com.br\/site\/wp-json\/wp\/v2\/media\/5180"}],"wp:attachment":[{"href":"https:\/\/sabuguinho.com.br\/site\/wp-json\/wp\/v2\/media?parent=5176"}],"wp:term":[{"taxonomy":"category","embeddable":true,"href":"https:\/\/sabuguinho.com.br\/site\/wp-json\/wp\/v2\/categories?post=5176"},{"taxonomy":"post_tag","embeddable":true,"href":"https:\/\/sabuguinho.com.br\/site\/wp-json\/wp\/v2\/tags?post=5176"}],"curies":[{"name":"wp","href":"https:\/\/api.w.org\/{rel}","templated":true}]}}