{"id":5164,"date":"2024-03-25T18:36:37","date_gmt":"2024-03-25T21:36:37","guid":{"rendered":"https:\/\/sabuguinho.com.br\/site\/?p=5164"},"modified":"2024-03-25T18:36:37","modified_gmt":"2024-03-25T21:36:37","slug":"avare-l-drogas-sao-encontradas-em-residencia-e-morador-e-preso-por-trafico","status":"publish","type":"post","link":"https:\/\/sabuguinho.com.br\/site\/avare-l-drogas-sao-encontradas-em-residencia-e-morador-e-preso-por-trafico\/","title":{"rendered":"AVAR\u00c9 l-  Drogas s\u00e3o encontradas em resid\u00eancia e morador \u00e9 preso por tr\u00e1fico"},"content":{"rendered":"<p>Uma a\u00e7\u00e3o coordenada pela Pol\u00edcia Civil mde Avar\u00e9, por meio da Delegacia de Investiga\u00e7\u00f5es sobre Entorpecentes-DISE, culminou na apreens\u00e3o de uma quantidade significativa de drogas em uma resid\u00eancia localizada no bairro Jardim Para\u00edso. A a\u00e7\u00e3o ocorreu ap\u00f3s den\u00fancias recebidas sobre atividades suspeitas no local.<\/p>\n<p>Os policiais, munidos de um mandado de busca e apreens\u00e3o expedido pela Justi\u00e7a, realizaram uma minuciosa investiga\u00e7\u00e3o que resultou na descoberta do esconderijo das subst\u00e2ncias il\u00edcitas. Durante a dilig\u00eancia, foram encontrados e apreendidos um tijolo e mais duas por\u00e7\u00f5es menores de maconha, al\u00e9m de materiais relacionados ao tr\u00e1fico de entorpecentes.<\/p>\n<p>Um homem de 26 anos que estava na resid\u00eancia foi detido e conduzido ao Plant\u00e3o Policial para prestar esclarecimentos. Segundo informa\u00e7\u00f5es preliminares, o suspeito confessou seu envolvimento com o tr\u00e1fico de drogas, alegando ser usu\u00e1rio e vender parte da subst\u00e2ncia para custear seu pr\u00f3prio consumo.<\/p>\n<p>O detido foi autuado em flagrante por tr\u00e1fico il\u00edcito de entorpecentes e permanece \u00e0 disposi\u00e7\u00e3o da Justi\u00e7a para as medidas cab\u00edveis ao caso. As investiga\u00e7\u00f5es prosseguem para identificar poss\u00edveis conex\u00f5es com outros crimes e envolvidos na comercializa\u00e7\u00e3o ilegal de drogas.<\/p>\n","protected":false},"excerpt":{"rendered":"<p>Uma a\u00e7\u00e3o coordenada pela Pol\u00edcia Civil mde Avar\u00e9, por meio da Delegacia de Investiga\u00e7\u00f5es sobre Entorpecentes-DISE, culminou na apreens\u00e3o de uma quantidade significativa de drogas em uma resid\u00eancia localizada no bairro Jardim Para\u00edso. A a\u00e7\u00e3o ocorreu ap\u00f3s den\u00fancias recebidas sobre atividades suspeitas no local. Os policiais, munidos de um mandado de busca e apreens\u00e3o expedido [&hellip;]<\/p>\n","protected":false},"author":2,"featured_media":5165,"comment_status":"open","ping_status":"open","sticky":false,"template":"","format":"standard","meta":{"footnotes":""},"categories":[52],"tags":[],"class_list":["post-5164","post","type-post","status-publish","format-standard","has-post-thumbnail","hentry","category-policiais"],"_links":{"self":[{"href":"https:\/\/sabuguinho.com.br\/site\/wp-json\/wp\/v2\/posts\/5164","targetHints":{"allow":["GET"]}}],"collection":[{"href":"https:\/\/sabuguinho.com.br\/site\/wp-json\/wp\/v2\/posts"}],"about":[{"href":"https:\/\/sabuguinho.com.br\/site\/wp-json\/wp\/v2\/types\/post"}],"author":[{"embeddable":true,"href":"https:\/\/sabuguinho.com.br\/site\/wp-json\/wp\/v2\/users\/2"}],"replies":[{"embeddable":true,"href":"https:\/\/sabuguinho.com.br\/site\/wp-json\/wp\/v2\/comments?post=5164"}],"version-history":[{"count":1,"href":"https:\/\/sabuguinho.com.br\/site\/wp-json\/wp\/v2\/posts\/5164\/revisions"}],"predecessor-version":[{"id":5166,"href":"https:\/\/sabuguinho.com.br\/site\/wp-json\/wp\/v2\/posts\/5164\/revisions\/5166"}],"wp:featuredmedia":[{"embeddable":true,"href":"https:\/\/sabuguinho.com.br\/site\/wp-json\/wp\/v2\/media\/5165"}],"wp:attachment":[{"href":"https:\/\/sabuguinho.com.br\/site\/wp-json\/wp\/v2\/media?parent=5164"}],"wp:term":[{"taxonomy":"category","embeddable":true,"href":"https:\/\/sabuguinho.com.br\/site\/wp-json\/wp\/v2\/categories?post=5164"},{"taxonomy":"post_tag","embeddable":true,"href":"https:\/\/sabuguinho.com.br\/site\/wp-json\/wp\/v2\/tags?post=5164"}],"curies":[{"name":"wp","href":"https:\/\/api.w.org\/{rel}","templated":true}]}}