{"id":5147,"date":"2024-03-25T13:47:25","date_gmt":"2024-03-25T16:47:25","guid":{"rendered":"https:\/\/sabuguinho.com.br\/site\/?p=5147"},"modified":"2024-03-25T13:47:25","modified_gmt":"2024-03-25T16:47:25","slug":"deputada-federal-simone-marquetto-participa-de-audiencia-com-o-nuncio-apostolico-que-representa-o-papa-francisco-no-brasil","status":"publish","type":"post","link":"https:\/\/sabuguinho.com.br\/site\/deputada-federal-simone-marquetto-participa-de-audiencia-com-o-nuncio-apostolico-que-representa-o-papa-francisco-no-brasil\/","title":{"rendered":"Deputada federal Simone Marquetto participa de audi\u00eancia com o N\u00fancio Apost\u00f3lico que representa o Papa Francisco no Brasil"},"content":{"rendered":"<p>Em audi\u00eancia, em Bras\u00edlia, a deputada federal Simone Marquetto (MDB-SP) participou de uma audi\u00eancia com o N\u00fancio Apost\u00f3lico, Dom Giambasttista Diquattro, representante do Papa Francisco no Brasil.<br \/>\n\u201cO Dia Nacional do Ros\u00e1rio da Virgem Maria ser\u00e1 em outubro, mas j\u00e1 estamos trabalhando muito para realizar um evento lindo para Nossa Senhora. Nesta audi\u00eancia, trouxe a Lei de minha autoria e entreguei ao N\u00fancio Apost\u00f3lico\u201d, destacou a parlamentar Simone Marquetto.<br \/>\nNa ocasi\u00e3o, o padre M\u00e1rlon M\u00facio, da Casa de Sa\u00fade Nossa Senhora dos Raros de Taubat\u00e9\/SP, tamb\u00e9m participou da audi\u00eancia. O padre \u00e9 portador de uma doen\u00e7a gen\u00e9tica neurodegenerativa ultrarrava, Defici\u00eancia do Transportador de Riboflavina (RTD). O padre Rafael Santos, reitor do Santu\u00e1rio Nossa Senhora da Sa\u00fade de Bras\u00edlia tamb\u00e9m participou do encontro.<br \/>\n   .<\/p>\n","protected":false},"excerpt":{"rendered":"<p>Em audi\u00eancia, em Bras\u00edlia, a deputada federal Simone Marquetto (MDB-SP) participou de uma audi\u00eancia com o N\u00fancio Apost\u00f3lico, Dom Giambasttista Diquattro, representante do Papa Francisco no Brasil. \u201cO Dia Nacional do Ros\u00e1rio da Virgem Maria ser\u00e1 em outubro, mas j\u00e1 estamos trabalhando muito para realizar um evento lindo para Nossa Senhora. Nesta audi\u00eancia, trouxe a [&hellip;]<\/p>\n","protected":false},"author":2,"featured_media":5148,"comment_status":"open","ping_status":"open","sticky":false,"template":"","format":"standard","meta":{"footnotes":""},"categories":[51],"tags":[],"class_list":["post-5147","post","type-post","status-publish","format-standard","has-post-thumbnail","hentry","category-noticias-regionais"],"_links":{"self":[{"href":"https:\/\/sabuguinho.com.br\/site\/wp-json\/wp\/v2\/posts\/5147","targetHints":{"allow":["GET"]}}],"collection":[{"href":"https:\/\/sabuguinho.com.br\/site\/wp-json\/wp\/v2\/posts"}],"about":[{"href":"https:\/\/sabuguinho.com.br\/site\/wp-json\/wp\/v2\/types\/post"}],"author":[{"embeddable":true,"href":"https:\/\/sabuguinho.com.br\/site\/wp-json\/wp\/v2\/users\/2"}],"replies":[{"embeddable":true,"href":"https:\/\/sabuguinho.com.br\/site\/wp-json\/wp\/v2\/comments?post=5147"}],"version-history":[{"count":1,"href":"https:\/\/sabuguinho.com.br\/site\/wp-json\/wp\/v2\/posts\/5147\/revisions"}],"predecessor-version":[{"id":5149,"href":"https:\/\/sabuguinho.com.br\/site\/wp-json\/wp\/v2\/posts\/5147\/revisions\/5149"}],"wp:featuredmedia":[{"embeddable":true,"href":"https:\/\/sabuguinho.com.br\/site\/wp-json\/wp\/v2\/media\/5148"}],"wp:attachment":[{"href":"https:\/\/sabuguinho.com.br\/site\/wp-json\/wp\/v2\/media?parent=5147"}],"wp:term":[{"taxonomy":"category","embeddable":true,"href":"https:\/\/sabuguinho.com.br\/site\/wp-json\/wp\/v2\/categories?post=5147"},{"taxonomy":"post_tag","embeddable":true,"href":"https:\/\/sabuguinho.com.br\/site\/wp-json\/wp\/v2\/tags?post=5147"}],"curies":[{"name":"wp","href":"https:\/\/api.w.org\/{rel}","templated":true}]}}