{"id":509,"date":"2023-11-07T12:54:29","date_gmt":"2023-11-07T15:54:29","guid":{"rendered":"https:\/\/sabuguinho.com.br\/site\/?p=509"},"modified":"2023-11-07T12:54:29","modified_gmt":"2023-11-07T15:54:29","slug":"temporal-danificou-60-casas-e-deixou-mais-de-20-familias-desalojadas-em-avare","status":"publish","type":"post","link":"https:\/\/sabuguinho.com.br\/site\/temporal-danificou-60-casas-e-deixou-mais-de-20-familias-desalojadas-em-avare\/","title":{"rendered":"TEMPORAL DANIFICOU 60 CASAS E DEIXOU MAIS DE 20 FAM\u00cdLIAS DESALOJADAS EM AVAR\u00c9"},"content":{"rendered":"<p>Com informa\u00e7\u00f5es do G1<\/p>\n<p>Ap\u00f3s o temporal que devastou muitas cidades do interior de SP, na sexta-feira, dia 3 de novembro, Avar\u00e9 registrou mais de 20 moradores desalojados, al\u00e9m de 60 casas danificadas.<br \/>\nDevido \u00e0 for\u00e7a do vento, galhos foram espalhados pelas pra\u00e7as e avenidas, \u00e1rvores ca\u00edram sobre muros e postes e fios el\u00e9tricos foram destru\u00eddos.<br \/>\nConforme o balan\u00e7o feito pela Coordenadoria Municipal de Prote\u00e7\u00e3o e pela Defesa Civil, as consequ\u00eancias do vendaval incluem pessoas desalojadas, resid\u00eancias danificadas, atendimentos sociais e cestas b\u00e1sicas oferecidas \u00e0s fam\u00edlias afetadas.<br \/>\n22 pessoas desalojadas (abrigadas em casas de familiares e amigos);<br \/>\n34 cestas b\u00e1sicas disponibilizadas pelo Fundo Social;<br \/>\n64 atendimentos sociais (com encaminhamento da assistente social);<br \/>\n60 telhas entregues em resid\u00eancias danificadas.<br \/>\nA execu\u00e7\u00e3o dos reparos na cidade est\u00e1 sendo feita pelo comit\u00ea de crise formado pela Prefeitura de Avar\u00e9, por meio da Secretaria de Servi\u00e7os, Defesa Civil, Sabesp, Corpo de Bombeiros e CPFL.<\/p>\n<p>NOTA DA CPFL \u2013 A CPFL informa que equipes foram mobilizadas para reparar os danos, com refor\u00e7o de outras cidades da \u00e1rea de concess\u00e3o, e segue atuando nos locais afetados.<br \/>\n\u201cA companhia ressalta que, apesar dos danos, a maioria dos clientes afetados j\u00e1 teve o fornecimento estabelecido e agora atua em casos pontuais\u201d, completou a empresa.<br \/>\nCom Ap\u00f3s o temporal que devastou muitas cidades do interior de SP, na sexta-feira, dia 3 de novembro, Avar\u00e9 registrou mais de 20 moradores desalojados, al\u00e9m de 60 casas danificadas.<br \/>\nDevido \u00e0 for\u00e7a do vento, galhos foram espalhados pelas pra\u00e7as e avenidas, \u00e1rvores ca\u00edram sobre muros e postes e fios el\u00e9tricos foram destru\u00eddos.<br \/>\nConforme o balan\u00e7o feito pela Coordenadoria Municipal de Prote\u00e7\u00e3o e pela Defesa Civil, as consequ\u00eancias do vendaval incluem pessoas desalojadas, resid\u00eancias danificadas, atendimentos sociais e cestas b\u00e1sicas oferecidas \u00e0s fam\u00edlias afetadas.<br \/>\n22 pessoas desalojadas (abrigadas em casas de familiares e amigos);<br \/>\n34 cestas b\u00e1sicas disponibilizadas pelo Fundo Social;<br \/>\n64 atendimentos sociais (com encaminhamento da assistente social);<br \/>\n60 telhas entregues em resid\u00eancias danificadas.<br \/>\nA execu\u00e7\u00e3o dos reparos na cidade est\u00e1 sendo feita pelo comit\u00ea de crise formado pela Prefeitura de Avar\u00e9, por meio da Secretaria de Servi\u00e7os, Defesa Civil, Sabesp, Corpo de Bombeiros e CPFL.<\/p>\n<p>NOTA DA CPFL \u2013 A CPFL informa que equipes foram mobilizadas para reparar os danos, com refor\u00e7o de outras cidades da \u00e1rea de concess\u00e3o, e segue atuando nos locais afetados.<br \/>\n\u201cA companhia ressalta que, apesar dos danos, a maioria dos clientes afetados j\u00e1 teve o fornecimento estabelecido e agora atua em casos pontuais\u201d, completou a empresa.<\/p>\n<p><img loading=\"lazy\" decoding=\"async\" src=\"https:\/\/sabuguinho.com.br\/site\/wp-content\/uploads\/2023\/11\/Screenshot_8-150x110.png\" alt=\"\" width=\"150\" height=\"110\" class=\"alignnone size-medium wp-image-510\" srcset=\"https:\/\/sabuguinho.com.br\/site\/wp-content\/uploads\/2023\/11\/Screenshot_8-150x110.png 150w, https:\/\/sabuguinho.com.br\/site\/wp-content\/uploads\/2023\/11\/Screenshot_8-512x376.png 512w, https:\/\/sabuguinho.com.br\/site\/wp-content\/uploads\/2023\/11\/Screenshot_8.png 636w\" sizes=\"(max-width: 150px) 100vw, 150px\" \/><\/p>\n<p><img loading=\"lazy\" decoding=\"async\" src=\"https:\/\/sabuguinho.com.br\/site\/wp-content\/uploads\/2023\/11\/WhatsApp-Image-2023-11-03-at-16.40.39-768x432-1-150x84.jpeg\" alt=\"\" width=\"150\" height=\"84\" class=\"alignnone size-medium wp-image-511\" srcset=\"https:\/\/sabuguinho.com.br\/site\/wp-content\/uploads\/2023\/11\/WhatsApp-Image-2023-11-03-at-16.40.39-768x432-1-150x84.jpeg 150w, https:\/\/sabuguinho.com.br\/site\/wp-content\/uploads\/2023\/11\/WhatsApp-Image-2023-11-03-at-16.40.39-768x432-1-512x288.jpeg 512w, https:\/\/sabuguinho.com.br\/site\/wp-content\/uploads\/2023\/11\/WhatsApp-Image-2023-11-03-at-16.40.39-768x432-1-750x422.jpeg 750w, https:\/\/sabuguinho.com.br\/site\/wp-content\/uploads\/2023\/11\/WhatsApp-Image-2023-11-03-at-16.40.39-768x432-1.jpeg 768w\" sizes=\"(max-width: 150px) 100vw, 150px\" \/><\/p>\n<p><img loading=\"lazy\" decoding=\"async\" src=\"https:\/\/sabuguinho.com.br\/site\/wp-content\/uploads\/2023\/11\/Sem-titulo-150x103.png\" alt=\"\" width=\"150\" height=\"103\" class=\"alignnone size-medium wp-image-512\" srcset=\"https:\/\/sabuguinho.com.br\/site\/wp-content\/uploads\/2023\/11\/Sem-titulo-150x103.png 150w, https:\/\/sabuguinho.com.br\/site\/wp-content\/uploads\/2023\/11\/Sem-titulo-512x350.png 512w, https:\/\/sabuguinho.com.br\/site\/wp-content\/uploads\/2023\/11\/Sem-titulo.png 627w\" sizes=\"(max-width: 150px) 100vw, 150px\" \/><\/p>\n","protected":false},"excerpt":{"rendered":"<p>Com informa\u00e7\u00f5es do G1 Ap\u00f3s o temporal que devastou muitas cidades do interior de SP, na sexta-feira, dia 3 de novembro, Avar\u00e9 registrou mais de 20 moradores desalojados, al\u00e9m de 60 casas danificadas. Devido \u00e0 for\u00e7a do vento, galhos foram espalhados pelas pra\u00e7as e avenidas, \u00e1rvores ca\u00edram sobre muros e postes e fios el\u00e9tricos foram [&hellip;]<\/p>\n","protected":false},"author":2,"featured_media":513,"comment_status":"open","ping_status":"open","sticky":false,"template":"","format":"standard","meta":{"footnotes":""},"categories":[58],"tags":[],"_links":{"self":[{"href":"https:\/\/sabuguinho.com.br\/site\/wp-json\/wp\/v2\/posts\/509"}],"collection":[{"href":"https:\/\/sabuguinho.com.br\/site\/wp-json\/wp\/v2\/posts"}],"about":[{"href":"https:\/\/sabuguinho.com.br\/site\/wp-json\/wp\/v2\/types\/post"}],"author":[{"embeddable":true,"href":"https:\/\/sabuguinho.com.br\/site\/wp-json\/wp\/v2\/users\/2"}],"replies":[{"embeddable":true,"href":"https:\/\/sabuguinho.com.br\/site\/wp-json\/wp\/v2\/comments?post=509"}],"version-history":[{"count":1,"href":"https:\/\/sabuguinho.com.br\/site\/wp-json\/wp\/v2\/posts\/509\/revisions"}],"predecessor-version":[{"id":514,"href":"https:\/\/sabuguinho.com.br\/site\/wp-json\/wp\/v2\/posts\/509\/revisions\/514"}],"wp:featuredmedia":[{"embeddable":true,"href":"https:\/\/sabuguinho.com.br\/site\/wp-json\/wp\/v2\/media\/513"}],"wp:attachment":[{"href":"https:\/\/sabuguinho.com.br\/site\/wp-json\/wp\/v2\/media?parent=509"}],"wp:term":[{"taxonomy":"category","embeddable":true,"href":"https:\/\/sabuguinho.com.br\/site\/wp-json\/wp\/v2\/categories?post=509"},{"taxonomy":"post_tag","embeddable":true,"href":"https:\/\/sabuguinho.com.br\/site\/wp-json\/wp\/v2\/tags?post=509"}],"curies":[{"name":"wp","href":"https:\/\/api.w.org\/{rel}","templated":true}]}}