{"id":5011,"date":"2024-03-21T17:13:49","date_gmt":"2024-03-21T20:13:49","guid":{"rendered":"https:\/\/sabuguinho.com.br\/site\/?p=5011"},"modified":"2024-03-21T17:13:49","modified_gmt":"2024-03-21T20:13:49","slug":"avareense-encontrado-mutilado-em-saco-de-lixo-em-portugal-morreu-por-ciumes-diz-policia","status":"publish","type":"post","link":"https:\/\/sabuguinho.com.br\/site\/avareense-encontrado-mutilado-em-saco-de-lixo-em-portugal-morreu-por-ciumes-diz-policia\/","title":{"rendered":"AVAREENSE ENCONTRADO MUTILADO EM SACO DE LIXO EM PORTUGAL MORREU POR \u201cCI\u00daMES\u201d, DIZ POL\u00cdCIA"},"content":{"rendered":"<p>O avareense Paulo Machado, de 36 anos, encontrado mutilado em um saco pl\u00e1stico em Lisboa, Portugal, foi morto por \u201cci\u00fames\u201d do namorado, informou a Pol\u00edcia Judici\u00e1ria do pa\u00eds.<br \/>\nO suspeito, Noel Rem\u00e9dios, de 48 anos, confessou o crime e est\u00e1 preso desde semana passada. Em depoimento \u00e0 pol\u00edcia, o espanhol revelou que os dois tiveram uma briga ap\u00f3s chegarem de viagem.<br \/>\nConforme o suspeito, Paulo Machado (a esquerda da foto) foi esfaqueado tr\u00eas vezes no pesco\u00e7o e depois foi deixado dentro da banheira.<br \/>\nO homem foi preso depois que foi identificado em imagens de c\u00e2meras de seguran\u00e7a de uma mercearia, quando comprou os sacos de lixo usados para descartar os restos mortais do namorado.<br \/>\nDe acordo com a pol\u00edcia, as paredes do apartamento foram pintadas para tentar esconder as manchas de sangue do crime.<br \/>\nAl\u00e9m disso, os agentes tamb\u00e9m notaram que o namorado de Paulo tinha les\u00f5es no corpo. O espanhol confessou que os ferimentos foram causados pela v\u00edtima enquanto ela tentava se defender.<br \/>\nO corpo foi mutilado e dividido ao meio durante a madrugada de ter\u00e7a-feira (12). At\u00e9 o momento, somente a parte de baixo do corpo foi encontrada. O caso segue em investiga\u00e7\u00e3o.<br \/>\nOs familiares do brasileiro est\u00e3o em Portugal para fazer os tr\u00e2mites para o traslado dos restos mortais para Avar\u00e9, onde ser\u00e1 sepultado.<\/p>\n","protected":false},"excerpt":{"rendered":"<p>O avareense Paulo Machado, de 36 anos, encontrado mutilado em um saco pl\u00e1stico em Lisboa, Portugal, foi morto por \u201cci\u00fames\u201d do namorado, informou a Pol\u00edcia Judici\u00e1ria do pa\u00eds. O suspeito, Noel Rem\u00e9dios, de 48 anos, confessou o crime e est\u00e1 preso desde semana passada. Em depoimento \u00e0 pol\u00edcia, o espanhol revelou que os dois tiveram [&hellip;]<\/p>\n","protected":false},"author":2,"featured_media":5012,"comment_status":"open","ping_status":"open","sticky":false,"template":"","format":"standard","meta":{"footnotes":""},"categories":[52],"tags":[],"class_list":["post-5011","post","type-post","status-publish","format-standard","has-post-thumbnail","hentry","category-policiais"],"_links":{"self":[{"href":"https:\/\/sabuguinho.com.br\/site\/wp-json\/wp\/v2\/posts\/5011","targetHints":{"allow":["GET"]}}],"collection":[{"href":"https:\/\/sabuguinho.com.br\/site\/wp-json\/wp\/v2\/posts"}],"about":[{"href":"https:\/\/sabuguinho.com.br\/site\/wp-json\/wp\/v2\/types\/post"}],"author":[{"embeddable":true,"href":"https:\/\/sabuguinho.com.br\/site\/wp-json\/wp\/v2\/users\/2"}],"replies":[{"embeddable":true,"href":"https:\/\/sabuguinho.com.br\/site\/wp-json\/wp\/v2\/comments?post=5011"}],"version-history":[{"count":1,"href":"https:\/\/sabuguinho.com.br\/site\/wp-json\/wp\/v2\/posts\/5011\/revisions"}],"predecessor-version":[{"id":5013,"href":"https:\/\/sabuguinho.com.br\/site\/wp-json\/wp\/v2\/posts\/5011\/revisions\/5013"}],"wp:featuredmedia":[{"embeddable":true,"href":"https:\/\/sabuguinho.com.br\/site\/wp-json\/wp\/v2\/media\/5012"}],"wp:attachment":[{"href":"https:\/\/sabuguinho.com.br\/site\/wp-json\/wp\/v2\/media?parent=5011"}],"wp:term":[{"taxonomy":"category","embeddable":true,"href":"https:\/\/sabuguinho.com.br\/site\/wp-json\/wp\/v2\/categories?post=5011"},{"taxonomy":"post_tag","embeddable":true,"href":"https:\/\/sabuguinho.com.br\/site\/wp-json\/wp\/v2\/tags?post=5011"}],"curies":[{"name":"wp","href":"https:\/\/api.w.org\/{rel}","templated":true}]}}