{"id":5000,"date":"2024-03-21T14:45:38","date_gmt":"2024-03-21T17:45:38","guid":{"rendered":"https:\/\/sabuguinho.com.br\/site\/?p=5000"},"modified":"2024-03-21T14:45:38","modified_gmt":"2024-03-21T17:45:38","slug":"esportes-competidor-de-avare-e-destaque-em-corrida-noturna-de-florianopolis","status":"publish","type":"post","link":"https:\/\/sabuguinho.com.br\/site\/esportes-competidor-de-avare-e-destaque-em-corrida-noturna-de-florianopolis\/","title":{"rendered":"ESPORTES &#8211;  Competidor de Avar\u00e9 \u00e9 destaque em corrida noturna de Florian\u00f3polis"},"content":{"rendered":"<p>Edson Dias Lopes, 75, ficou em terceiro lugar na prova realizada no \u00faltimo dia 16 em Santa Catarina<br \/>\nO avareense Edson Dias Lopes, 75, ficou em terceiro lugar em sua categoria na Jurer\u00ea Night Run, corrida noturna realizada no \u00faltimo dia 16 em Florian\u00f3polis, Santa Catarina.<br \/>\nA prova de dez quil\u00f4metros imp\u00f4s diversos desafios ao competidor, especialmente devido ao percurso predominantemente arenoso.<br \/>\n\u201cFoi uma dificuldade a mais pelo fato de eu n\u00e3o estar acostumado com esse tipo de terreno\u201d, relatou o avareense.<br \/>\nA Secretaria Municipal de Esporte e Lazer comemorou o resultado. \u201cO desempenho do professor Edson n\u00e3o apenas enche de orgulho nossa cidade, mas tamb\u00e9m destaca o potencial dos corredores avareenses em competi\u00e7\u00f5es nacionais e internacionais\u201d, ressalta.<br \/>\nJ\u00e1 Lopes agradeceu ao apoio recebido do secret\u00e1rio de Esporte, Carlos \u201cBagaceira\u201d Roberto dos Santos, e do prefeito J\u00f4 Silvestre<br \/>\n\u201cSem esse suporte fundamental do munic\u00edpio, essa conquista n\u00e3o teria sido poss\u00edvel\u201d, destacou o competidor.<br \/>\n\u201cQue sua conquista inspire outros atletas locais na busca de grandes feitos no mundo do esporte\u201d, concluiu Bagaceira.<\/p>\n","protected":false},"excerpt":{"rendered":"<p>Edson Dias Lopes, 75, ficou em terceiro lugar na prova realizada no \u00faltimo dia 16 em Santa Catarina O avareense Edson Dias Lopes, 75, ficou em terceiro lugar em sua categoria na Jurer\u00ea Night Run, corrida noturna realizada no \u00faltimo dia 16 em Florian\u00f3polis, Santa Catarina. A prova de dez quil\u00f4metros imp\u00f4s diversos desafios ao [&hellip;]<\/p>\n","protected":false},"author":2,"featured_media":5001,"comment_status":"open","ping_status":"open","sticky":false,"template":"","format":"standard","meta":{"footnotes":""},"categories":[45],"tags":[],"class_list":["post-5000","post","type-post","status-publish","format-standard","has-post-thumbnail","hentry","category-esportes"],"_links":{"self":[{"href":"https:\/\/sabuguinho.com.br\/site\/wp-json\/wp\/v2\/posts\/5000","targetHints":{"allow":["GET"]}}],"collection":[{"href":"https:\/\/sabuguinho.com.br\/site\/wp-json\/wp\/v2\/posts"}],"about":[{"href":"https:\/\/sabuguinho.com.br\/site\/wp-json\/wp\/v2\/types\/post"}],"author":[{"embeddable":true,"href":"https:\/\/sabuguinho.com.br\/site\/wp-json\/wp\/v2\/users\/2"}],"replies":[{"embeddable":true,"href":"https:\/\/sabuguinho.com.br\/site\/wp-json\/wp\/v2\/comments?post=5000"}],"version-history":[{"count":1,"href":"https:\/\/sabuguinho.com.br\/site\/wp-json\/wp\/v2\/posts\/5000\/revisions"}],"predecessor-version":[{"id":5002,"href":"https:\/\/sabuguinho.com.br\/site\/wp-json\/wp\/v2\/posts\/5000\/revisions\/5002"}],"wp:featuredmedia":[{"embeddable":true,"href":"https:\/\/sabuguinho.com.br\/site\/wp-json\/wp\/v2\/media\/5001"}],"wp:attachment":[{"href":"https:\/\/sabuguinho.com.br\/site\/wp-json\/wp\/v2\/media?parent=5000"}],"wp:term":[{"taxonomy":"category","embeddable":true,"href":"https:\/\/sabuguinho.com.br\/site\/wp-json\/wp\/v2\/categories?post=5000"},{"taxonomy":"post_tag","embeddable":true,"href":"https:\/\/sabuguinho.com.br\/site\/wp-json\/wp\/v2\/tags?post=5000"}],"curies":[{"name":"wp","href":"https:\/\/api.w.org\/{rel}","templated":true}]}}