{"id":4989,"date":"2024-03-21T09:47:26","date_gmt":"2024-03-21T12:47:26","guid":{"rendered":"https:\/\/sabuguinho.com.br\/site\/?p=4989"},"modified":"2024-03-21T09:47:26","modified_gmt":"2024-03-21T12:47:26","slug":"criado-o-conselho-municipal-dos-direitos-da-mulher-de-avare","status":"publish","type":"post","link":"https:\/\/sabuguinho.com.br\/site\/criado-o-conselho-municipal-dos-direitos-da-mulher-de-avare\/","title":{"rendered":"CRIADO O CONSELHO MUNICIPAL DOS DIREITOS DA MULHER DE AVAR\u00c9"},"content":{"rendered":"<p>Esta semana foi criado o Conselho Municipal dos Direitos da Mulher de Avar\u00e9(CMDM), atendendo \u00e0 Lei de n\u00ba 2.646, de 10 de maio de 2022, de autoria da vereadora Carla Flores. Para a autora, \u201ctrata-se de um marco para o avan\u00e7o significativo na luta pela igualdade de g\u00eanero em nosso munic\u00edpio. Com muito esfor\u00e7o e dedica\u00e7\u00e3o, foi estabelecido o Conselho que \u00e9 um \u00f3rg\u00e3o colegiado de extrema import\u00e2ncia para a defesa e promo\u00e7\u00e3o dos direitos das mulheres\u201d.<br \/>\nO Conselho Municipal dos Direitos da Mulher \u00e9 um \u00f3rg\u00e3o de car\u00e1ter consultivo, deliberativo e fiscalizador, incumbido de propor pol\u00edticas p\u00fablicas voltadas para a equidade de g\u00eanero e de acompanhar a implementa\u00e7\u00e3o e execu\u00e7\u00e3o das mesmas. Sua atua\u00e7\u00e3o abrange diversas esferas da vida das mulheres, desde quest\u00f5es de sa\u00fade e educa\u00e7\u00e3o at\u00e9 acesso ao mercado de trabalho e combate \u00e0 viol\u00eancia dom\u00e9stica.<br \/>\n\u201cO CMDM n\u00e3o apenas representa uma conquista, mas tamb\u00e9m uma promessa de mudan\u00e7a e progresso. Sua cria\u00e7\u00e3o evidencia o comprometimento da sociedade e das autoridades locais em combater todas as formas de discrimina\u00e7\u00e3o e viol\u00eancia contra as mulheres\u201d, ressalta Carla Flores, atual secret\u00e1ria municipal da Mulher.<br \/>\nSob a lideran\u00e7a da presidente Vilma Zanluchi, da vice-presidente Aparecida Carolina Vasques, da primeira-secret\u00e1ria Regina Bernadete Carozelli e da segunda-secret\u00e1ria, Ang\u00e9lica Cristina do Carmo, o CMDM est\u00e1 pronto para enfrentar os desafios e promover mudan\u00e7as positivas no munic\u00edpio.<br \/>\n\u201c\u00c9 fundamental que toda a comunidade se envolva e apoie as iniciativas do Conselho Municipal dos Direitos da Mulher, pois somente com a participa\u00e7\u00e3o ativa de todos poderemos construir uma sociedade mais justa e igualit\u00e1ria para as mulheres. Juntos, podemos transformar as leis em a\u00e7\u00f5es concretas e garantir um futuro melhor para todos\u201d, concluiu Carla Flores. (Da assessoria)<\/p>\n<p>legenda: \u00d3rg\u00e3o colegiado \u00e9 de extrema import\u00e2ncia para a defesa e promo\u00e7\u00e3o dos direitos das mulheres<\/p>\n<p>FONTE DA FOTO: INTERNET ILUSTRATIVA<\/p>\n","protected":false},"excerpt":{"rendered":"<p>Esta semana foi criado o Conselho Municipal dos Direitos da Mulher de Avar\u00e9(CMDM), atendendo \u00e0 Lei de n\u00ba 2.646, de 10 de maio de 2022, de autoria da vereadora Carla Flores. Para a autora, \u201ctrata-se de um marco para o avan\u00e7o significativo na luta pela igualdade de g\u00eanero em nosso munic\u00edpio. Com muito esfor\u00e7o e [&hellip;]<\/p>\n","protected":false},"author":2,"featured_media":4990,"comment_status":"open","ping_status":"open","sticky":false,"template":"","format":"standard","meta":{"footnotes":""},"categories":[58],"tags":[],"class_list":["post-4989","post","type-post","status-publish","format-standard","has-post-thumbnail","hentry","category-noticias-locais"],"_links":{"self":[{"href":"https:\/\/sabuguinho.com.br\/site\/wp-json\/wp\/v2\/posts\/4989","targetHints":{"allow":["GET"]}}],"collection":[{"href":"https:\/\/sabuguinho.com.br\/site\/wp-json\/wp\/v2\/posts"}],"about":[{"href":"https:\/\/sabuguinho.com.br\/site\/wp-json\/wp\/v2\/types\/post"}],"author":[{"embeddable":true,"href":"https:\/\/sabuguinho.com.br\/site\/wp-json\/wp\/v2\/users\/2"}],"replies":[{"embeddable":true,"href":"https:\/\/sabuguinho.com.br\/site\/wp-json\/wp\/v2\/comments?post=4989"}],"version-history":[{"count":1,"href":"https:\/\/sabuguinho.com.br\/site\/wp-json\/wp\/v2\/posts\/4989\/revisions"}],"predecessor-version":[{"id":4991,"href":"https:\/\/sabuguinho.com.br\/site\/wp-json\/wp\/v2\/posts\/4989\/revisions\/4991"}],"wp:featuredmedia":[{"embeddable":true,"href":"https:\/\/sabuguinho.com.br\/site\/wp-json\/wp\/v2\/media\/4990"}],"wp:attachment":[{"href":"https:\/\/sabuguinho.com.br\/site\/wp-json\/wp\/v2\/media?parent=4989"}],"wp:term":[{"taxonomy":"category","embeddable":true,"href":"https:\/\/sabuguinho.com.br\/site\/wp-json\/wp\/v2\/categories?post=4989"},{"taxonomy":"post_tag","embeddable":true,"href":"https:\/\/sabuguinho.com.br\/site\/wp-json\/wp\/v2\/tags?post=4989"}],"curies":[{"name":"wp","href":"https:\/\/api.w.org\/{rel}","templated":true}]}}