{"id":496,"date":"2023-11-07T02:52:48","date_gmt":"2023-11-07T05:52:48","guid":{"rendered":"https:\/\/sabuguinho.com.br\/site\/?p=496"},"modified":"2023-11-07T02:52:48","modified_gmt":"2023-11-07T05:52:48","slug":"curso-de-auxiliar-administrativo-capacita-quase-30-participantes-para-o-mercado-de-trabalho","status":"publish","type":"post","link":"https:\/\/sabuguinho.com.br\/site\/curso-de-auxiliar-administrativo-capacita-quase-30-participantes-para-o-mercado-de-trabalho\/","title":{"rendered":"Curso de Auxiliar Administrativo capacita quase 30 participantes para o mercado de trabalho"},"content":{"rendered":"<p>A quarta-feira, 1\u00ba\/11, foi marcada pelo encerramento do 1\u00ba m\u00f3dulo do curso de Auxiliar Administrativo em Fartura, uma iniciativa promovida pela Coordenadoria de Ind\u00fastria, Com\u00e9rcio e Emprego, em colabora\u00e7\u00e3o com o SENAI (Servi\u00e7o Nacional de Aprendizagem Industrial), sob a coordena\u00e7\u00e3o do vice-prefeito Pedro Langeli. O curso representa uma oportunidade \u00fanica para 28 farturenses que buscam desenvolver suas habilidades profissionais.<br \/>\nCom uma carga hor\u00e1ria total de 160 horas, o curso visa capacitar os participantes com as habilidades fundamentais necess\u00e1rias para atuar com confian\u00e7a em diversas \u00e1reas administrativas. Desde finan\u00e7as at\u00e9 marketing, passando por recursos humanos e contabilidade, os alunos tiveram acesso a um conte\u00fado rico e variado. A instrutora, Juliana Barreto, com sua experi\u00eancia, desempenhou um papel crucial ao guiar os alunos ao longo dessa jornada educacional.<br \/>\nAs aulas ocorreram das 19h \u00e0s 22h, na Escola Jo\u00e3o Batista de Oliveira, proporcionando aos participantes uma atmosfera prop\u00edcia para o aprendizado e o desenvolvimento de habilidades pr\u00e1ticas. Essa iniciativa da Coordenadoria de Ind\u00fastria destaca seu compromisso em oferecer oportunidades significativas de crescimento profissional e pessoal para a comunidade de Fartura.<br \/>\nJ\u00e1 o 2\u00ba m\u00f3dulo, tem in\u00edcio nesta ter\u00e7a-feira, 7\/11. Lembrando que ap\u00f3s a conclus\u00e3o deste m\u00f3dulo, os alunos recebem certificados.<\/p>\n","protected":false},"excerpt":{"rendered":"<p>A quarta-feira, 1\u00ba\/11, foi marcada pelo encerramento do 1\u00ba m\u00f3dulo do curso de Auxiliar Administrativo em Fartura, uma iniciativa promovida pela Coordenadoria de Ind\u00fastria, Com\u00e9rcio e Emprego, em colabora\u00e7\u00e3o com o SENAI (Servi\u00e7o Nacional de Aprendizagem Industrial), sob a coordena\u00e7\u00e3o do vice-prefeito Pedro Langeli. O curso representa uma oportunidade \u00fanica para 28 farturenses que buscam [&hellip;]<\/p>\n","protected":false},"author":2,"featured_media":497,"comment_status":"open","ping_status":"open","sticky":false,"template":"","format":"standard","meta":{"footnotes":""},"categories":[51],"tags":[],"_links":{"self":[{"href":"https:\/\/sabuguinho.com.br\/site\/wp-json\/wp\/v2\/posts\/496"}],"collection":[{"href":"https:\/\/sabuguinho.com.br\/site\/wp-json\/wp\/v2\/posts"}],"about":[{"href":"https:\/\/sabuguinho.com.br\/site\/wp-json\/wp\/v2\/types\/post"}],"author":[{"embeddable":true,"href":"https:\/\/sabuguinho.com.br\/site\/wp-json\/wp\/v2\/users\/2"}],"replies":[{"embeddable":true,"href":"https:\/\/sabuguinho.com.br\/site\/wp-json\/wp\/v2\/comments?post=496"}],"version-history":[{"count":1,"href":"https:\/\/sabuguinho.com.br\/site\/wp-json\/wp\/v2\/posts\/496\/revisions"}],"predecessor-version":[{"id":498,"href":"https:\/\/sabuguinho.com.br\/site\/wp-json\/wp\/v2\/posts\/496\/revisions\/498"}],"wp:featuredmedia":[{"embeddable":true,"href":"https:\/\/sabuguinho.com.br\/site\/wp-json\/wp\/v2\/media\/497"}],"wp:attachment":[{"href":"https:\/\/sabuguinho.com.br\/site\/wp-json\/wp\/v2\/media?parent=496"}],"wp:term":[{"taxonomy":"category","embeddable":true,"href":"https:\/\/sabuguinho.com.br\/site\/wp-json\/wp\/v2\/categories?post=496"},{"taxonomy":"post_tag","embeddable":true,"href":"https:\/\/sabuguinho.com.br\/site\/wp-json\/wp\/v2\/tags?post=496"}],"curies":[{"name":"wp","href":"https:\/\/api.w.org\/{rel}","templated":true}]}}