{"id":4924,"date":"2024-03-19T20:24:09","date_gmt":"2024-03-19T23:24:09","guid":{"rendered":"https:\/\/sabuguinho.com.br\/site\/?p=4924"},"modified":"2024-03-19T20:24:09","modified_gmt":"2024-03-19T23:24:09","slug":"deputada-federal-simone-marquetto-discute-projetos-sociais-com-fecomercio-senac-e-igreja-catolica-em-brasilia","status":"publish","type":"post","link":"https:\/\/sabuguinho.com.br\/site\/deputada-federal-simone-marquetto-discute-projetos-sociais-com-fecomercio-senac-e-igreja-catolica-em-brasilia\/","title":{"rendered":"Deputada federal Simone Marquetto discute projetos sociais com Fecom\u00e9rcio, Senac e Igreja Cat\u00f3lica em Bras\u00edlia"},"content":{"rendered":"<p>Em uma reuni\u00e3o na sede do Senac em Bras\u00edlia, a deputada federal Simone Marquetto (MDB-SP) discutiu projetos sociais com o diretor regional do Senac\/DF, Vitor Corr\u00eaa, com o gerente executivo Marco Ant\u00f4nio Schmitt, com o assessor jur\u00eddico s\u00eanior, Luiz Gustavo Lima Vieira e com o padre Rafael Santos, reitor do Santu\u00e1rio Nossa Senhora da Sa\u00fade.<br \/>\n\u201cFoi uma troca de experi\u00eancia muito produtiva. Partilhar nossas a\u00e7\u00f5es no poder p\u00fablico e compreender a opera\u00e7\u00e3o de entidades que s\u00e3o refer\u00eancias na capacita\u00e7\u00e3o profissional. Tamb\u00e9m unir nossos trabalhos ao trabalho de efici\u00eancia j\u00e1 oferecido pela igreja \u00e9 fundamental para construirmos pol\u00edticas p\u00fablicas pensando na abertura de postos de trabalho\u201d, destacou a parlamentar Simone Marquetto.<\/p>\n<p><img loading=\"lazy\" decoding=\"async\" src=\"https:\/\/sabuguinho.com.br\/site\/wp-content\/uploads\/2024\/03\/IMG-20240319-WA0092-150x100.jpg\" alt=\"\" width=\"150\" height=\"100\" class=\"alignnone size-medium wp-image-4925\" srcset=\"https:\/\/sabuguinho.com.br\/site\/wp-content\/uploads\/2024\/03\/IMG-20240319-WA0092-150x100.jpg 150w, https:\/\/sabuguinho.com.br\/site\/wp-content\/uploads\/2024\/03\/IMG-20240319-WA0092-512x341.jpg 512w, https:\/\/sabuguinho.com.br\/site\/wp-content\/uploads\/2024\/03\/IMG-20240319-WA0092-768x512.jpg 768w, https:\/\/sabuguinho.com.br\/site\/wp-content\/uploads\/2024\/03\/IMG-20240319-WA0092-750x500.jpg 750w, https:\/\/sabuguinho.com.br\/site\/wp-content\/uploads\/2024\/03\/IMG-20240319-WA0092-1140x760.jpg 1140w, https:\/\/sabuguinho.com.br\/site\/wp-content\/uploads\/2024\/03\/IMG-20240319-WA0092.jpg 1280w\" sizes=\"auto, (max-width: 150px) 100vw, 150px\" \/><\/p>\n","protected":false},"excerpt":{"rendered":"<p>Em uma reuni\u00e3o na sede do Senac em Bras\u00edlia, a deputada federal Simone Marquetto (MDB-SP) discutiu projetos sociais com o diretor regional do Senac\/DF, Vitor Corr\u00eaa, com o gerente executivo Marco Ant\u00f4nio Schmitt, com o assessor jur\u00eddico s\u00eanior, Luiz Gustavo Lima Vieira e com o padre Rafael Santos, reitor do Santu\u00e1rio Nossa Senhora da Sa\u00fade. [&hellip;]<\/p>\n","protected":false},"author":2,"featured_media":4926,"comment_status":"open","ping_status":"open","sticky":false,"template":"","format":"standard","meta":{"footnotes":""},"categories":[51],"tags":[],"class_list":["post-4924","post","type-post","status-publish","format-standard","has-post-thumbnail","hentry","category-noticias-regionais"],"_links":{"self":[{"href":"https:\/\/sabuguinho.com.br\/site\/wp-json\/wp\/v2\/posts\/4924","targetHints":{"allow":["GET"]}}],"collection":[{"href":"https:\/\/sabuguinho.com.br\/site\/wp-json\/wp\/v2\/posts"}],"about":[{"href":"https:\/\/sabuguinho.com.br\/site\/wp-json\/wp\/v2\/types\/post"}],"author":[{"embeddable":true,"href":"https:\/\/sabuguinho.com.br\/site\/wp-json\/wp\/v2\/users\/2"}],"replies":[{"embeddable":true,"href":"https:\/\/sabuguinho.com.br\/site\/wp-json\/wp\/v2\/comments?post=4924"}],"version-history":[{"count":1,"href":"https:\/\/sabuguinho.com.br\/site\/wp-json\/wp\/v2\/posts\/4924\/revisions"}],"predecessor-version":[{"id":4927,"href":"https:\/\/sabuguinho.com.br\/site\/wp-json\/wp\/v2\/posts\/4924\/revisions\/4927"}],"wp:featuredmedia":[{"embeddable":true,"href":"https:\/\/sabuguinho.com.br\/site\/wp-json\/wp\/v2\/media\/4926"}],"wp:attachment":[{"href":"https:\/\/sabuguinho.com.br\/site\/wp-json\/wp\/v2\/media?parent=4924"}],"wp:term":[{"taxonomy":"category","embeddable":true,"href":"https:\/\/sabuguinho.com.br\/site\/wp-json\/wp\/v2\/categories?post=4924"},{"taxonomy":"post_tag","embeddable":true,"href":"https:\/\/sabuguinho.com.br\/site\/wp-json\/wp\/v2\/tags?post=4924"}],"curies":[{"name":"wp","href":"https:\/\/api.w.org\/{rel}","templated":true}]}}