{"id":49094,"date":"2026-09-04T09:53:29","date_gmt":"2026-09-04T12:53:29","guid":{"rendered":"https:\/\/sabuguinho.com.br\/site\/?p=49094"},"modified":"2026-09-04T09:53:29","modified_gmt":"2026-09-04T12:53:29","slug":"aaa-devera-sediar-a-43o-fampop-que-tera-shows-de-almir-sater-e-ex-titas-paulo-miklos","status":"publish","type":"post","link":"https:\/\/sabuguinho.com.br\/site\/aaa-devera-sediar-a-43o-fampop-que-tera-shows-de-almir-sater-e-ex-titas-paulo-miklos\/","title":{"rendered":"AAA DEVER\u00c1 SEDIAR A 43\u00ba FAMPOP, QUE TER\u00c1 SHOWS DE ALMIR SATER E EX-TIT\u00c3S PAULO MIKLOS"},"content":{"rendered":"<p>A 43\u00aa edi\u00e7\u00e3o da Feira Avareense da M\u00fasica Popular (Fampop) dever\u00e1 ser realizada neste ano no clube da Associa\u00e7\u00e3o Atl\u00e9tica Avareense (AAA). A informa\u00e7\u00e3o \u00e9 exclusiva do A Voz do Vale.<br \/>\nSegundo informa\u00e7\u00f5es obtidas pela reportagem, as tratativas para levar o festival ao espa\u00e7o da tradicional agremia\u00e7\u00e3o esportiva de Avar\u00e9 est\u00e3o avan\u00e7adas. Uma reuni\u00e3o entre diretores da AAA dever\u00e1 sacramentar a parceria para a realiza\u00e7\u00e3o do evento no local.<br \/>\nA defini\u00e7\u00e3o ainda depende da conclus\u00e3o das negocia\u00e7\u00f5es, mas a sede da Associa\u00e7\u00e3o Atl\u00e9tica Avareense aparece como o prov\u00e1vel endere\u00e7o da Fampop 2026, que est\u00e1 programada para ocorrer entre os dias 15 e 18 de outubro.<br \/>\nA escolha do espa\u00e7o ocorre em uma edi\u00e7\u00e3o que ter\u00e1 dois nomes de destaque da m\u00fasica brasileira na programa\u00e7\u00e3o. A Prefeitura de Avar\u00e9 contratou shows de Almir Sater e Paulo Miklos, ex-integrante dos Tit\u00e3s.<br \/>\nAl\u00e9m das apresenta\u00e7\u00f5es de artistas convidados, a Fampop manter\u00e1 seu tradicional formato competitivo, com compositores e int\u00e9rpretes apresentando m\u00fasicas in\u00e9ditas que passam por avalia\u00e7\u00e3o durante o festival.<\/p>\n<p>INSCRI\u00c7\u00d5ES \u2013 A Prefeitura de Avar\u00e9 j\u00e1 abriu as inscri\u00e7\u00f5es para a 43\u00aa edi\u00e7\u00e3o da Fampop. Considerado um dos festivais mais tradicionais de m\u00fasica popular do pa\u00eds, o evento receber\u00e1 gratuitamente, at\u00e9 16 de setembro, composi\u00e7\u00f5es in\u00e9ditas e originais.<br \/>\nAs obras concorrer\u00e3o a mais de R$ 58 mil em premia\u00e7\u00f5es, al\u00e9m da oportunidade de grava\u00e7\u00e3o profissional para o vencedor.<br \/>\nPromovido pela Secretaria Municipal de Cultura, com apoio da Associa\u00e7\u00e3o Paulista dos Amigos da Arte (APAA), o festival reunir\u00e1 obras litero-musicais e composi\u00e7\u00f5es exclusivamente instrumentais.<br \/>\nCada compositor ou grupo poder\u00e1 inscrever at\u00e9 tr\u00eas m\u00fasicas. As inscri\u00e7\u00f5es podem ser feitas pelo e-mail fampop2025@gmail.com ou pelo site oficial da Fampop, onde tamb\u00e9m est\u00e1 dispon\u00edvel o regulamento.<br \/>\nA comiss\u00e3o de triagem selecionar\u00e1 20 obras de compositores de diferentes regi\u00f5es do pa\u00eds. Ser\u00e3o 18 can\u00e7\u00f5es com letra e duas instrumentais.<br \/>\nArtistas nascidos ou residentes em Avar\u00e9 tamb\u00e9m ter\u00e3o uma disputa espec\u00edfica, a Fampopinha, que selecionar\u00e1 seis m\u00fasicas para integrar a programa\u00e7\u00e3o oficial.<\/p>\n<p>PREMIA\u00c7\u00c3O \u2013 A premia\u00e7\u00e3o da 43\u00aa Fampop supera R$ 58 mil. O vencedor receber\u00e1 R$ 18 mil e ter\u00e1 direito a tr\u00eas dias de grava\u00e7\u00e3o no est\u00fadio Gargol\u00e2ndia, em Alambari (SP).<\/p>\n<p>A distribui\u00e7\u00e3o dos pr\u00eamios ser\u00e1:<\/p>\n<p>1\u00ba lugar: R$ 18 mil;<br \/>\n2\u00ba lugar: R$ 13 mil;<br \/>\n3\u00ba lugar: R$ 9 mil;<br \/>\n4\u00ba lugar: R$ 5 mil;<br \/>\nMelhor M\u00fasica Instrumental: R$ 2 mil;<br \/>\nMelhor Int\u00e9rprete: R$ 2 mil;<br \/>\nMelhor Letra: R$ 2 mil;<br \/>\nMelhor M\u00fasica Avareense: R$ 4 mil;<br \/>\nAclama\u00e7\u00e3o Popular: R$ 1,5 mil.<br \/>\nFestival projetou nomes da m\u00fasica brasileira<\/p>\n<p>Criada em Avar\u00e9, a Fampop acumula mais de quatro d\u00e9cadas de hist\u00f3ria e se tornou uma refer\u00eancia entre os festivais de m\u00fasica popular do pa\u00eds.<br \/>\nAo longo de sua trajet\u00f3ria, o evento recebeu e revelou artistas que posteriormente ganharam proje\u00e7\u00e3o nacional, entre eles Lenine, Chico C\u00e9sar, Jorge Vercillo, Br\u00e1ulio Tavares e Moacyr Luz.<br \/>\nA proposta da Fampop \u00e9 preservar o espa\u00e7o para a m\u00fasica autoral brasileira e, ao mesmo tempo, funcionar como uma vitrine para novos compositores e int\u00e9rpretes.<br \/>\nNa edi\u00e7\u00e3o de 2026, a eventual mudan\u00e7a para a sede da Associa\u00e7\u00e3o Atl\u00e9tica Avareense ser\u00e1 um dos principais pontos da organiza\u00e7\u00e3o do festival, caso a parceria seja oficialmente confirmada nos pr\u00f3ximos dias.<\/p>\n<p><img loading=\"lazy\" decoding=\"async\" src=\"http:\/\/sabuguinho.com.br\/site\/wp-content\/uploads\/2026\/09\/paulo-150x84.jpg\" alt=\"\" width=\"150\" height=\"84\" class=\"alignnone size-medium wp-image-49096\" srcset=\"https:\/\/sabuguinho.com.br\/site\/wp-content\/uploads\/2026\/09\/paulo-150x84.jpg 150w, https:\/\/sabuguinho.com.br\/site\/wp-content\/uploads\/2026\/09\/paulo-512x288.jpg 512w, https:\/\/sabuguinho.com.br\/site\/wp-content\/uploads\/2026\/09\/paulo-768x432.jpg 768w, https:\/\/sabuguinho.com.br\/site\/wp-content\/uploads\/2026\/09\/paulo.jpg 1024w, https:\/\/sabuguinho.com.br\/site\/wp-content\/uploads\/2026\/09\/paulo-750x422.jpg 750w\" sizes=\"auto, (max-width: 150px) 100vw, 150px\" \/><\/p>\n<p><img loading=\"lazy\" decoding=\"async\" src=\"http:\/\/sabuguinho.com.br\/site\/wp-content\/uploads\/2026\/09\/almir-150x100.jpg\" alt=\"\" width=\"150\" height=\"100\" class=\"alignnone size-medium wp-image-49097\" srcset=\"https:\/\/sabuguinho.com.br\/site\/wp-content\/uploads\/2026\/09\/almir-150x100.jpg 150w, https:\/\/sabuguinho.com.br\/site\/wp-content\/uploads\/2026\/09\/almir-512x342.jpg 512w, https:\/\/sabuguinho.com.br\/site\/wp-content\/uploads\/2026\/09\/almir-768x512.jpg 768w, https:\/\/sabuguinho.com.br\/site\/wp-content\/uploads\/2026\/09\/almir-750x500.jpg 750w, https:\/\/sabuguinho.com.br\/site\/wp-content\/uploads\/2026\/09\/almir.jpg 1024w\" sizes=\"auto, (max-width: 150px) 100vw, 150px\" \/><\/p>\n","protected":false},"excerpt":{"rendered":"<p>A 43\u00aa edi\u00e7\u00e3o da Feira Avareense da M\u00fasica Popular (Fampop) dever\u00e1 ser realizada neste ano no clube da Associa\u00e7\u00e3o Atl\u00e9tica Avareense (AAA). A informa\u00e7\u00e3o \u00e9 exclusiva do A Voz do Vale. Segundo informa\u00e7\u00f5es obtidas pela reportagem, as tratativas para levar o festival ao espa\u00e7o da tradicional agremia\u00e7\u00e3o esportiva de Avar\u00e9 est\u00e3o avan\u00e7adas. Uma reuni\u00e3o entre [&hellip;]<\/p>\n","protected":false},"author":2,"featured_media":49098,"comment_status":"open","ping_status":"open","sticky":false,"template":"","format":"standard","meta":{"footnotes":""},"categories":[58],"tags":[],"class_list":["post-49094","post","type-post","status-publish","format-standard","has-post-thumbnail","hentry","category-noticias-locais"],"_links":{"self":[{"href":"https:\/\/sabuguinho.com.br\/site\/wp-json\/wp\/v2\/posts\/49094","targetHints":{"allow":["GET"]}}],"collection":[{"href":"https:\/\/sabuguinho.com.br\/site\/wp-json\/wp\/v2\/posts"}],"about":[{"href":"https:\/\/sabuguinho.com.br\/site\/wp-json\/wp\/v2\/types\/post"}],"author":[{"embeddable":true,"href":"https:\/\/sabuguinho.com.br\/site\/wp-json\/wp\/v2\/users\/2"}],"replies":[{"embeddable":true,"href":"https:\/\/sabuguinho.com.br\/site\/wp-json\/wp\/v2\/comments?post=49094"}],"version-history":[{"count":1,"href":"https:\/\/sabuguinho.com.br\/site\/wp-json\/wp\/v2\/posts\/49094\/revisions"}],"predecessor-version":[{"id":49099,"href":"https:\/\/sabuguinho.com.br\/site\/wp-json\/wp\/v2\/posts\/49094\/revisions\/49099"}],"wp:featuredmedia":[{"embeddable":true,"href":"https:\/\/sabuguinho.com.br\/site\/wp-json\/wp\/v2\/media\/49098"}],"wp:attachment":[{"href":"https:\/\/sabuguinho.com.br\/site\/wp-json\/wp\/v2\/media?parent=49094"}],"wp:term":[{"taxonomy":"category","embeddable":true,"href":"https:\/\/sabuguinho.com.br\/site\/wp-json\/wp\/v2\/categories?post=49094"},{"taxonomy":"post_tag","embeddable":true,"href":"https:\/\/sabuguinho.com.br\/site\/wp-json\/wp\/v2\/tags?post=49094"}],"curies":[{"name":"wp","href":"https:\/\/api.w.org\/{rel}","templated":true}]}}