{"id":49085,"date":"2026-09-03T11:00:31","date_gmt":"2026-09-03T14:00:31","guid":{"rendered":"https:\/\/sabuguinho.com.br\/site\/?p=49085"},"modified":"2026-09-03T11:00:31","modified_gmt":"2026-09-03T14:00:31","slug":"cultura-cinepsi-promove-sessao-do-filme-as-vantagens-de-ser-invisivel","status":"publish","type":"post","link":"https:\/\/sabuguinho.com.br\/site\/cultura-cinepsi-promove-sessao-do-filme-as-vantagens-de-ser-invisivel\/","title":{"rendered":"CULTURA* *CinePsi promove sess\u00e3o do filme \u201cAs Vantagens de Ser Invis\u00edvel\u201d*"},"content":{"rendered":"<p>Evento ser\u00e1 realizado no dia 16 de setembro, no Centro Cultural Esther Pires Novaes_<\/p>\n<p>O projeto CinePsi \u2013 Psicologia, Cinema e Reflex\u00e3o realizar\u00e1, no dia 16 de setembro de 2026, \u00e0s 19h, uma sess\u00e3o especial do filme \u201cAs Vantagens de Ser Invis\u00edvel\u201d. A atividade acontecer\u00e1 no Centro Cultural Esther Pires Novaes, localizado na Rua Cear\u00e1, 1507.<br \/>\nA programa\u00e7\u00e3o prop\u00f5e uma reflex\u00e3o sobre sa\u00fade mental, rela\u00e7\u00f5es interpessoais e os desafios enfrentados durante a adolesc\u00eancia. O filme acompanha Charlie, um jovem t\u00edmido que busca encontrar seu lugar no mundo enquanto lida com perdas, lembran\u00e7as dif\u00edceis, novas amizades, primeiro amor e outras experi\u00eancias pr\u00f3prias dessa fase da vida.<br \/>\nAp\u00f3s a exibi\u00e7\u00e3o, ser\u00e1 realizada uma roda de conversa, com media\u00e7\u00e3o do psic\u00f3logo Helton Moraes. Entre os temas abordados estar\u00e3o sa\u00fade mental, preven\u00e7\u00e3o ao suic\u00eddio, adolesc\u00eancia, pertencimento e a import\u00e2ncia de pedir ajuda.<br \/>\nA participa\u00e7\u00e3o \u00e9 aberta ao p\u00fablico em geral, com certifica\u00e7\u00e3o de quatro horas. Para entrada, \u00e9 necess\u00e1rio levar um produto de higiene pessoal. A programa\u00e7\u00e3o \u00e9 proibida para menores de 16 anos.<br \/>\nA iniciativa conta com parceria da Prefeitura da Est\u00e2ncia Tur\u00edstica de Avar\u00e9 por interm\u00e9dio da Secretaria Municipal da Cultura e do psic\u00f3logo Helton Moraes.<\/p>\n","protected":false},"excerpt":{"rendered":"<p>Evento ser\u00e1 realizado no dia 16 de setembro, no Centro Cultural Esther Pires Novaes_ O projeto CinePsi \u2013 Psicologia, Cinema e Reflex\u00e3o realizar\u00e1, no dia 16 de setembro de 2026, \u00e0s 19h, uma sess\u00e3o especial do filme \u201cAs Vantagens de Ser Invis\u00edvel\u201d. A atividade acontecer\u00e1 no Centro Cultural Esther Pires Novaes, localizado na Rua Cear\u00e1, [&hellip;]<\/p>\n","protected":false},"author":2,"featured_media":49086,"comment_status":"open","ping_status":"open","sticky":false,"template":"","format":"standard","meta":{"footnotes":""},"categories":[65],"tags":[],"class_list":["post-49085","post","type-post","status-publish","format-standard","has-post-thumbnail","hentry","category-sociai"],"_links":{"self":[{"href":"https:\/\/sabuguinho.com.br\/site\/wp-json\/wp\/v2\/posts\/49085","targetHints":{"allow":["GET"]}}],"collection":[{"href":"https:\/\/sabuguinho.com.br\/site\/wp-json\/wp\/v2\/posts"}],"about":[{"href":"https:\/\/sabuguinho.com.br\/site\/wp-json\/wp\/v2\/types\/post"}],"author":[{"embeddable":true,"href":"https:\/\/sabuguinho.com.br\/site\/wp-json\/wp\/v2\/users\/2"}],"replies":[{"embeddable":true,"href":"https:\/\/sabuguinho.com.br\/site\/wp-json\/wp\/v2\/comments?post=49085"}],"version-history":[{"count":1,"href":"https:\/\/sabuguinho.com.br\/site\/wp-json\/wp\/v2\/posts\/49085\/revisions"}],"predecessor-version":[{"id":49087,"href":"https:\/\/sabuguinho.com.br\/site\/wp-json\/wp\/v2\/posts\/49085\/revisions\/49087"}],"wp:featuredmedia":[{"embeddable":true,"href":"https:\/\/sabuguinho.com.br\/site\/wp-json\/wp\/v2\/media\/49086"}],"wp:attachment":[{"href":"https:\/\/sabuguinho.com.br\/site\/wp-json\/wp\/v2\/media?parent=49085"}],"wp:term":[{"taxonomy":"category","embeddable":true,"href":"https:\/\/sabuguinho.com.br\/site\/wp-json\/wp\/v2\/categories?post=49085"},{"taxonomy":"post_tag","embeddable":true,"href":"https:\/\/sabuguinho.com.br\/site\/wp-json\/wp\/v2\/tags?post=49085"}],"curies":[{"name":"wp","href":"https:\/\/api.w.org\/{rel}","templated":true}]}}