{"id":49073,"date":"2026-09-02T20:37:36","date_gmt":"2026-09-02T23:37:36","guid":{"rendered":"https:\/\/sabuguinho.com.br\/site\/?p=49073"},"modified":"2026-09-02T20:37:36","modified_gmt":"2026-09-02T23:37:36","slug":"selecao-brasileira-tera-1a-convocacao-pos-copa-em-9-de-setembro","status":"publish","type":"post","link":"https:\/\/sabuguinho.com.br\/site\/selecao-brasileira-tera-1a-convocacao-pos-copa-em-9-de-setembro\/","title":{"rendered":"Sele\u00e7\u00e3o brasileira ter\u00e1 1\u00aa convoca\u00e7\u00e3o p\u00f3s-Copa em 9 de setembro"},"content":{"rendered":"<p>Brasil far\u00e1 amistosos contra Austr\u00e1lia e \u00cdndia na pr\u00f3xima Data Fifa<\/p>\n<p>Ag\u00eancia Brasil<\/p>\n<p>A primeira convoca\u00e7\u00e3o da sele\u00e7\u00e3o brasileira p\u00f3s-Copa do Mundo est\u00e1 programada para a pr\u00f3xima quarta-feira (9), a partir das 15h (hor\u00e1rio de Bras\u00edlia). A data foi confirmada hoje pela CBF. O t\u00e9cnico italiano Carlo Ancelotti anunciar\u00e1 os 26 jogadores que enfrentar\u00e3o Austr\u00e1lia e \u00cdndia em tr\u00eas amistosos fora do pa\u00eds na pr\u00f3xima Data Fifa (entre 21 de setembro e 6 de outubro). Os jogos ser\u00e3o os primeiros do ciclo de prepara\u00e7\u00e3o para o Mundial de 2030, com sedes em Espanha, Portugal, Marrocos, Uruguai, Argentina e Paraguai.<br \/>\nAncelotti divulgar\u00e1 a lista de convocados na sede da CBF, no Rio de Janeiro, com transmiss\u00e3o ao vivo na CBF TV, no YouTube. \u00c9 grande a expectativa em torno da primeira lista do t\u00e9cnico italiano ap\u00f3s a elimina\u00e7\u00e3o precoce do Brasil para a Noruega, nas oitavas de final do Mundial deste ano. Al\u00e9m de acompanhar os jogos no pa\u00eds, o treinador passou a \u00faltima semana na Europa, acompanhando jogos com atletas brasileiros que defendem clubes franceses e ingleses.<br \/>\nO Brasil enfrentar\u00e1 a Austr\u00e1lia duas vezes na casa dos advers\u00e1rios. O primeiro confronto ser\u00e1 em 25 de setembro (uma sexta-feira), \u00e0s 7h (hor\u00e1rio de Bras\u00edlia), no est\u00e1dio Queensland Country Bank, em Townsville. Quatro dias depois, as duas sele\u00e7\u00f5es voltam a duelar, no mesmo hor\u00e1rio, no est\u00e1dio Suncorp, em Brisbane. J\u00e1 a partida contra a \u00cdndia est\u00e1 programada para 3 de outubro (um s\u00e1bado), \u00e0s 11h, no est\u00e1dio Salt Lake, em Calcut\u00e1.<\/p>\n","protected":false},"excerpt":{"rendered":"<p>Brasil far\u00e1 amistosos contra Austr\u00e1lia e \u00cdndia na pr\u00f3xima Data Fifa Ag\u00eancia Brasil A primeira convoca\u00e7\u00e3o da sele\u00e7\u00e3o brasileira p\u00f3s-Copa do Mundo est\u00e1 programada para a pr\u00f3xima quarta-feira (9), a partir das 15h (hor\u00e1rio de Bras\u00edlia). A data foi confirmada hoje pela CBF. O t\u00e9cnico italiano Carlo Ancelotti anunciar\u00e1 os 26 jogadores que enfrentar\u00e3o Austr\u00e1lia [&hellip;]<\/p>\n","protected":false},"author":2,"featured_media":49074,"comment_status":"open","ping_status":"open","sticky":false,"template":"","format":"standard","meta":{"footnotes":""},"categories":[45],"tags":[],"class_list":["post-49073","post","type-post","status-publish","format-standard","has-post-thumbnail","hentry","category-esportes"],"_links":{"self":[{"href":"https:\/\/sabuguinho.com.br\/site\/wp-json\/wp\/v2\/posts\/49073","targetHints":{"allow":["GET"]}}],"collection":[{"href":"https:\/\/sabuguinho.com.br\/site\/wp-json\/wp\/v2\/posts"}],"about":[{"href":"https:\/\/sabuguinho.com.br\/site\/wp-json\/wp\/v2\/types\/post"}],"author":[{"embeddable":true,"href":"https:\/\/sabuguinho.com.br\/site\/wp-json\/wp\/v2\/users\/2"}],"replies":[{"embeddable":true,"href":"https:\/\/sabuguinho.com.br\/site\/wp-json\/wp\/v2\/comments?post=49073"}],"version-history":[{"count":1,"href":"https:\/\/sabuguinho.com.br\/site\/wp-json\/wp\/v2\/posts\/49073\/revisions"}],"predecessor-version":[{"id":49075,"href":"https:\/\/sabuguinho.com.br\/site\/wp-json\/wp\/v2\/posts\/49073\/revisions\/49075"}],"wp:featuredmedia":[{"embeddable":true,"href":"https:\/\/sabuguinho.com.br\/site\/wp-json\/wp\/v2\/media\/49074"}],"wp:attachment":[{"href":"https:\/\/sabuguinho.com.br\/site\/wp-json\/wp\/v2\/media?parent=49073"}],"wp:term":[{"taxonomy":"category","embeddable":true,"href":"https:\/\/sabuguinho.com.br\/site\/wp-json\/wp\/v2\/categories?post=49073"},{"taxonomy":"post_tag","embeddable":true,"href":"https:\/\/sabuguinho.com.br\/site\/wp-json\/wp\/v2\/tags?post=49073"}],"curies":[{"name":"wp","href":"https:\/\/api.w.org\/{rel}","templated":true}]}}