{"id":4907,"date":"2024-03-19T12:34:39","date_gmt":"2024-03-19T15:34:39","guid":{"rendered":"https:\/\/sabuguinho.com.br\/site\/?p=4907"},"modified":"2024-03-19T12:34:39","modified_gmt":"2024-03-19T15:34:39","slug":"agricultores-familiares-participam-de-palestra-sobre-credito-rural","status":"publish","type":"post","link":"https:\/\/sabuguinho.com.br\/site\/agricultores-familiares-participam-de-palestra-sobre-credito-rural\/","title":{"rendered":"AGRICULTORES FAMILIARES PARTICIPAM DE PALESTRA SOBRE CR\u00c9DITO RURAL"},"content":{"rendered":"<p>Cr\u00e9dito rural foi o tema da palestra ministrada a agricultores familiares no \u00faltimo dia 12 no Galp\u00e3o do Agroneg\u00f3cio em Avar\u00e9.<br \/>\nOrganizada pela Secretaria Municipal de Agricultura e Abastecimento, a exposi\u00e7\u00e3o foi ministrada por t\u00e9cnicos da Caixa Econ\u00f4mica Federal, que abordaram os mecanismos de acesso a recursos via Programa Nacional de Fortalecimento da Agricultura Familiar (PRONAF).<br \/>\nR\u00f4mulo Tadeu Sumam e Andr\u00e9 Lopes Pigiani falaram sobre a documenta\u00e7\u00e3o necess\u00e1ria para pleitear o benef\u00edcio, bem como sobre outras linhas de cr\u00e9dito para atividades rurais.<br \/>\nJ\u00e1 o secret\u00e1rio Municipal de Agricultura, Ronaldo Vilas Boas, abordou a possibilidade de os agricultores familiares, atrav\u00e9s de associa\u00e7\u00e3o, participarem da entrega de produtos ao Programa\u00e7\u00e3o Nacional de Alimenta\u00e7\u00e3o Escolar (PNAE), cujos itens comp\u00f5em a merenda servida em escolas municipais.<\/p>\n<p>legenda: Exposi\u00e7\u00e3o realizada por t\u00e9cnicos da Caixa no \u00faltimo dia 12 foi organizada pela Secretaria Municipal de Agricultura<\/p>\n<p>FONTE DA FOTO: SECOM<\/p>\n","protected":false},"excerpt":{"rendered":"<p>Cr\u00e9dito rural foi o tema da palestra ministrada a agricultores familiares no \u00faltimo dia 12 no Galp\u00e3o do Agroneg\u00f3cio em Avar\u00e9. Organizada pela Secretaria Municipal de Agricultura e Abastecimento, a exposi\u00e7\u00e3o foi ministrada por t\u00e9cnicos da Caixa Econ\u00f4mica Federal, que abordaram os mecanismos de acesso a recursos via Programa Nacional de Fortalecimento da Agricultura Familiar [&hellip;]<\/p>\n","protected":false},"author":2,"featured_media":4908,"comment_status":"open","ping_status":"open","sticky":false,"template":"","format":"standard","meta":{"footnotes":""},"categories":[58],"tags":[],"class_list":["post-4907","post","type-post","status-publish","format-standard","has-post-thumbnail","hentry","category-noticias-locais"],"_links":{"self":[{"href":"https:\/\/sabuguinho.com.br\/site\/wp-json\/wp\/v2\/posts\/4907","targetHints":{"allow":["GET"]}}],"collection":[{"href":"https:\/\/sabuguinho.com.br\/site\/wp-json\/wp\/v2\/posts"}],"about":[{"href":"https:\/\/sabuguinho.com.br\/site\/wp-json\/wp\/v2\/types\/post"}],"author":[{"embeddable":true,"href":"https:\/\/sabuguinho.com.br\/site\/wp-json\/wp\/v2\/users\/2"}],"replies":[{"embeddable":true,"href":"https:\/\/sabuguinho.com.br\/site\/wp-json\/wp\/v2\/comments?post=4907"}],"version-history":[{"count":1,"href":"https:\/\/sabuguinho.com.br\/site\/wp-json\/wp\/v2\/posts\/4907\/revisions"}],"predecessor-version":[{"id":4909,"href":"https:\/\/sabuguinho.com.br\/site\/wp-json\/wp\/v2\/posts\/4907\/revisions\/4909"}],"wp:featuredmedia":[{"embeddable":true,"href":"https:\/\/sabuguinho.com.br\/site\/wp-json\/wp\/v2\/media\/4908"}],"wp:attachment":[{"href":"https:\/\/sabuguinho.com.br\/site\/wp-json\/wp\/v2\/media?parent=4907"}],"wp:term":[{"taxonomy":"category","embeddable":true,"href":"https:\/\/sabuguinho.com.br\/site\/wp-json\/wp\/v2\/categories?post=4907"},{"taxonomy":"post_tag","embeddable":true,"href":"https:\/\/sabuguinho.com.br\/site\/wp-json\/wp\/v2\/tags?post=4907"}],"curies":[{"name":"wp","href":"https:\/\/api.w.org\/{rel}","templated":true}]}}