{"id":49066,"date":"2026-09-02T20:30:13","date_gmt":"2026-09-02T23:30:13","guid":{"rendered":"https:\/\/sabuguinho.com.br\/site\/?p=49066"},"modified":"2026-09-02T20:30:13","modified_gmt":"2026-09-02T23:30:13","slug":"avare-plaza-shopping-sera-lancado-oficialmente-no-dia-24-obras-ja-estao-em-andamento","status":"publish","type":"post","link":"https:\/\/sabuguinho.com.br\/site\/avare-plaza-shopping-sera-lancado-oficialmente-no-dia-24-obras-ja-estao-em-andamento\/","title":{"rendered":"AVAR\u00c9 PLAZA SHOPPING SER\u00c1 LAN\u00c7ADO OFICIALMENTE NO DIA 24; OBRAS J\u00c1 EST\u00c3O EM ANDAMENTO"},"content":{"rendered":"<p>A Est\u00e2ncia Tur\u00edstica de Avar\u00e9 se prepara para uma nova etapa de expans\u00e3o no setor de com\u00e9rcio e servi\u00e7os. No dia 24 de setembro, ser\u00e1 realizado o lan\u00e7amento oficial do Avar\u00e9 Plaza Shopping, empreendimento de R$ 120 milh\u00f5es cujas obras j\u00e1 est\u00e3o em andamento no Distrito Industrial Primavera, \u00e0s margens da Rodovia Jo\u00e3o Mell\u00e3o (SP-255).<br \/>\nO evento marcar\u00e1 a apresenta\u00e7\u00e3o oficial do projeto a parceiros, autoridades e representantes da imprensa. Com administra\u00e7\u00e3o da gestora Argoplan, o shopping tem previs\u00e3o de inaugura\u00e7\u00e3o para o segundo semestre de 2027. O projeto foi concebido para ampliar a oferta de compras, gastronomia, lazer e servi\u00e7os em Avar\u00e9 e atender tamb\u00e9m consumidores de munic\u00edpios da regi\u00e3o.<br \/>\nA estrutura ter\u00e1 15 mil m\u00b2 de \u00c1rea Bruta Loc\u00e1vel (ABL), com capacidade para receber at\u00e9 80 lojas e dez opera\u00e7\u00f5es gastron\u00f4micas.<br \/>\nA localiza\u00e7\u00e3o, pr\u00f3xima \u00e0 SP-255, \u00e9 apontada como um dos diferenciais do empreendimento. O eixo rodovi\u00e1rio facilita o acesso de moradores de Avar\u00e9 e de cidades do entorno, ampliando o potencial do shopping como centro regional de consumo e servi\u00e7os.<\/p>\n<p>Obras j\u00e1 come\u00e7aram<\/p>\n<p>Diferentemente de um projeto ainda em fase de planejamento, o Avar\u00e9 Plaza Shopping j\u00e1 entrou na etapa de execu\u00e7\u00e3o. As obras est\u00e3o em andamento, e o lan\u00e7amento oficial previsto para setembro ocorrer\u00e1 com o empreendimento j\u00e1 em constru\u00e7\u00e3o.<br \/>\nA implanta\u00e7\u00e3o do shopping representa um investimento estimado em R$ 120 milh\u00f5es e dever\u00e1 provocar impactos na economia local, tanto pela movimenta\u00e7\u00e3o gerada durante o per\u00edodo de constru\u00e7\u00e3o quanto pela futura instala\u00e7\u00e3o das lojas, restaurantes e demais opera\u00e7\u00f5es.<br \/>\nA expectativa \u00e9 de que o empreendimento contribua para fortalecer Avar\u00e9 como polo regional de com\u00e9rcio e servi\u00e7os, atraindo consumidores de munic\u00edpios vizinhos e ampliando as op\u00e7\u00f5es dispon\u00edveis na cidade.<br \/>\nO lan\u00e7amento de 24 de setembro dever\u00e1 apresentar oficialmente o projeto, seu cronograma e as perspectivas para a opera\u00e7\u00e3o do complexo.<\/p>\n<p><img loading=\"lazy\" decoding=\"async\" src=\"http:\/\/sabuguinho.com.br\/site\/wp-content\/uploads\/2026\/09\/avareplaza-150x93.png\" alt=\"\" width=\"150\" height=\"93\" class=\"alignnone size-medium wp-image-49068\" srcset=\"https:\/\/sabuguinho.com.br\/site\/wp-content\/uploads\/2026\/09\/avareplaza-150x93.png 150w, https:\/\/sabuguinho.com.br\/site\/wp-content\/uploads\/2026\/09\/avareplaza-512x316.png 512w, https:\/\/sabuguinho.com.br\/site\/wp-content\/uploads\/2026\/09\/avareplaza-768x474.png 768w, https:\/\/sabuguinho.com.br\/site\/wp-content\/uploads\/2026\/09\/avareplaza-750x463.png 750w, https:\/\/sabuguinho.com.br\/site\/wp-content\/uploads\/2026\/09\/avareplaza.png 900w\" sizes=\"auto, (max-width: 150px) 100vw, 150px\" \/><\/p>\n","protected":false},"excerpt":{"rendered":"<p>A Est\u00e2ncia Tur\u00edstica de Avar\u00e9 se prepara para uma nova etapa de expans\u00e3o no setor de com\u00e9rcio e servi\u00e7os. No dia 24 de setembro, ser\u00e1 realizado o lan\u00e7amento oficial do Avar\u00e9 Plaza Shopping, empreendimento de R$ 120 milh\u00f5es cujas obras j\u00e1 est\u00e3o em andamento no Distrito Industrial Primavera, \u00e0s margens da Rodovia Jo\u00e3o Mell\u00e3o (SP-255). [&hellip;]<\/p>\n","protected":false},"author":2,"featured_media":49069,"comment_status":"open","ping_status":"open","sticky":false,"template":"","format":"standard","meta":{"footnotes":""},"categories":[58],"tags":[],"class_list":["post-49066","post","type-post","status-publish","format-standard","has-post-thumbnail","hentry","category-noticias-locais"],"_links":{"self":[{"href":"https:\/\/sabuguinho.com.br\/site\/wp-json\/wp\/v2\/posts\/49066","targetHints":{"allow":["GET"]}}],"collection":[{"href":"https:\/\/sabuguinho.com.br\/site\/wp-json\/wp\/v2\/posts"}],"about":[{"href":"https:\/\/sabuguinho.com.br\/site\/wp-json\/wp\/v2\/types\/post"}],"author":[{"embeddable":true,"href":"https:\/\/sabuguinho.com.br\/site\/wp-json\/wp\/v2\/users\/2"}],"replies":[{"embeddable":true,"href":"https:\/\/sabuguinho.com.br\/site\/wp-json\/wp\/v2\/comments?post=49066"}],"version-history":[{"count":1,"href":"https:\/\/sabuguinho.com.br\/site\/wp-json\/wp\/v2\/posts\/49066\/revisions"}],"predecessor-version":[{"id":49070,"href":"https:\/\/sabuguinho.com.br\/site\/wp-json\/wp\/v2\/posts\/49066\/revisions\/49070"}],"wp:featuredmedia":[{"embeddable":true,"href":"https:\/\/sabuguinho.com.br\/site\/wp-json\/wp\/v2\/media\/49069"}],"wp:attachment":[{"href":"https:\/\/sabuguinho.com.br\/site\/wp-json\/wp\/v2\/media?parent=49066"}],"wp:term":[{"taxonomy":"category","embeddable":true,"href":"https:\/\/sabuguinho.com.br\/site\/wp-json\/wp\/v2\/categories?post=49066"},{"taxonomy":"post_tag","embeddable":true,"href":"https:\/\/sabuguinho.com.br\/site\/wp-json\/wp\/v2\/tags?post=49066"}],"curies":[{"name":"wp","href":"https:\/\/api.w.org\/{rel}","templated":true}]}}