{"id":49048,"date":"2026-09-02T14:59:43","date_gmt":"2026-09-02T17:59:43","guid":{"rendered":"https:\/\/sabuguinho.com.br\/site\/?p=49048"},"modified":"2026-09-02T15:24:24","modified_gmt":"2026-09-02T18:24:24","slug":"comemoracao-desfile-e-ato-civico-celebram-165-anos-de-avare-no-feriado-municipal-de-15-de-setembro","status":"publish","type":"post","link":"https:\/\/sabuguinho.com.br\/site\/comemoracao-desfile-e-ato-civico-celebram-165-anos-de-avare-no-feriado-municipal-de-15-de-setembro\/","title":{"rendered":"COMEMORA\u00c7\u00c3O *Desfile e Ato C\u00edvico celebram 165 anos de Avar\u00e9 no feriado municipal de 15 de setembro*"},"content":{"rendered":"<p>Celebra\u00e7\u00e3o aberta ao p\u00fablico tem in\u00edcio \u00e0s 7h30, em frente ao Pa\u00e7o Municipal; tradicional desfile acontece \u00e0s 8 horas, com concentra\u00e7\u00e3o no Largo do Mercado_<\/p>\n<p>O 165\u00ba anivers\u00e1rio de Avar\u00e9 ser\u00e1 comemorado com o Ato C\u00edvico e o tradicional Desfile C\u00edvico durante o feriado municipal de 15 de setembro.<br \/>\nA celebra\u00e7\u00e3o \u00e9 aberta ao p\u00fablico. O Ato C\u00edvico tem in\u00edcio \u00e0s 7h30, em frente ao Pa\u00e7o Municipal, onde o palanque ser\u00e1 montado.<br \/>\nA estrutura inclui \u00e1rea espec\u00edfica para pessoas com defici\u00eancia, pontos de \u00e1gua e acesso aos sanit\u00e1rios da Concha Ac\u00fastica.<br \/>\nA solenidade vai contar com a presen\u00e7a do prefeito Roberto Araujo, secret\u00e1rios municipais, representantes do Tiro de Guerra e convidados.<\/p>\n<p>*Tradicional desfile* <\/p>\n<p>J\u00e1 o tradicional Desfile C\u00edvico come\u00e7a \u00e0s 8 horas, com concentra\u00e7\u00e3o no Largo do Mercado.<br \/>\nCom o tema \u201cAvar\u00e9, 165 anos: Tecendo direitos, construindo hist\u00f3rias, educando para o futuro!\u201d, o percurso seguir\u00e1 pela Rua Pernambuco, finalizando em frente ao Pa\u00e7o Municipal.<br \/>\nEscolas municipais, entidades socioassistenciais, Pol\u00edcia Civil e Militar, institui\u00e7\u00f5es de ensino superior, fanfarras, orquestras e organiza\u00e7\u00f5es da sociedade civil v\u00e3o participar da edi\u00e7\u00e3o realizada pela Secretaria Municipal da Educa\u00e7\u00e3o.<\/p>\n<p><img loading=\"lazy\" decoding=\"async\" src=\"http:\/\/sabuguinho.com.br\/site\/wp-content\/uploads\/2026\/09\/IMG-20260902-WA0084-150x100.jpg\" alt=\"\" width=\"150\" height=\"100\" class=\"alignnone size-medium wp-image-49051\" srcset=\"https:\/\/sabuguinho.com.br\/site\/wp-content\/uploads\/2026\/09\/IMG-20260902-WA0084-150x100.jpg 150w, https:\/\/sabuguinho.com.br\/site\/wp-content\/uploads\/2026\/09\/IMG-20260902-WA0084-512x341.jpg 512w, https:\/\/sabuguinho.com.br\/site\/wp-content\/uploads\/2026\/09\/IMG-20260902-WA0084-768x512.jpg 768w, https:\/\/sabuguinho.com.br\/site\/wp-content\/uploads\/2026\/09\/IMG-20260902-WA0084-1536x1023.jpg 1536w, https:\/\/sabuguinho.com.br\/site\/wp-content\/uploads\/2026\/09\/IMG-20260902-WA0084-750x500.jpg 750w, https:\/\/sabuguinho.com.br\/site\/wp-content\/uploads\/2026\/09\/IMG-20260902-WA0084-1140x760.jpg 1140w, https:\/\/sabuguinho.com.br\/site\/wp-content\/uploads\/2026\/09\/IMG-20260902-WA0084.jpg 1600w\" sizes=\"auto, (max-width: 150px) 100vw, 150px\" \/><\/p>\n<p><img loading=\"lazy\" decoding=\"async\" src=\"http:\/\/sabuguinho.com.br\/site\/wp-content\/uploads\/2026\/09\/IMG-20260902-WA0085-150x105.jpg\" alt=\"\" width=\"150\" height=\"105\" class=\"alignnone size-medium wp-image-49052\" srcset=\"https:\/\/sabuguinho.com.br\/site\/wp-content\/uploads\/2026\/09\/IMG-20260902-WA0085-150x105.jpg 150w, https:\/\/sabuguinho.com.br\/site\/wp-content\/uploads\/2026\/09\/IMG-20260902-WA0085-512x358.jpg 512w, https:\/\/sabuguinho.com.br\/site\/wp-content\/uploads\/2026\/09\/IMG-20260902-WA0085-768x537.jpg 768w, https:\/\/sabuguinho.com.br\/site\/wp-content\/uploads\/2026\/09\/IMG-20260902-WA0085-750x524.jpg 750w, https:\/\/sabuguinho.com.br\/site\/wp-content\/uploads\/2026\/09\/IMG-20260902-WA0085-1140x797.jpg 1140w, https:\/\/sabuguinho.com.br\/site\/wp-content\/uploads\/2026\/09\/IMG-20260902-WA0085.jpg 1200w\" sizes=\"auto, (max-width: 150px) 100vw, 150px\" \/><\/p>\n","protected":false},"excerpt":{"rendered":"<p>Celebra\u00e7\u00e3o aberta ao p\u00fablico tem in\u00edcio \u00e0s 7h30, em frente ao Pa\u00e7o Municipal; tradicional desfile acontece \u00e0s 8 horas, com concentra\u00e7\u00e3o no Largo do Mercado_ O 165\u00ba anivers\u00e1rio de Avar\u00e9 ser\u00e1 comemorado com o Ato C\u00edvico e o tradicional Desfile C\u00edvico durante o feriado municipal de 15 de setembro. A celebra\u00e7\u00e3o \u00e9 aberta ao p\u00fablico. [&hellip;]<\/p>\n","protected":false},"author":2,"featured_media":49053,"comment_status":"open","ping_status":"open","sticky":false,"template":"","format":"standard","meta":{"footnotes":""},"categories":[58],"tags":[],"class_list":["post-49048","post","type-post","status-publish","format-standard","has-post-thumbnail","hentry","category-noticias-locais"],"_links":{"self":[{"href":"https:\/\/sabuguinho.com.br\/site\/wp-json\/wp\/v2\/posts\/49048","targetHints":{"allow":["GET"]}}],"collection":[{"href":"https:\/\/sabuguinho.com.br\/site\/wp-json\/wp\/v2\/posts"}],"about":[{"href":"https:\/\/sabuguinho.com.br\/site\/wp-json\/wp\/v2\/types\/post"}],"author":[{"embeddable":true,"href":"https:\/\/sabuguinho.com.br\/site\/wp-json\/wp\/v2\/users\/2"}],"replies":[{"embeddable":true,"href":"https:\/\/sabuguinho.com.br\/site\/wp-json\/wp\/v2\/comments?post=49048"}],"version-history":[{"count":2,"href":"https:\/\/sabuguinho.com.br\/site\/wp-json\/wp\/v2\/posts\/49048\/revisions"}],"predecessor-version":[{"id":49055,"href":"https:\/\/sabuguinho.com.br\/site\/wp-json\/wp\/v2\/posts\/49048\/revisions\/49055"}],"wp:featuredmedia":[{"embeddable":true,"href":"https:\/\/sabuguinho.com.br\/site\/wp-json\/wp\/v2\/media\/49053"}],"wp:attachment":[{"href":"https:\/\/sabuguinho.com.br\/site\/wp-json\/wp\/v2\/media?parent=49048"}],"wp:term":[{"taxonomy":"category","embeddable":true,"href":"https:\/\/sabuguinho.com.br\/site\/wp-json\/wp\/v2\/categories?post=49048"},{"taxonomy":"post_tag","embeddable":true,"href":"https:\/\/sabuguinho.com.br\/site\/wp-json\/wp\/v2\/tags?post=49048"}],"curies":[{"name":"wp","href":"https:\/\/api.w.org\/{rel}","templated":true}]}}