{"id":49039,"date":"2026-09-02T14:17:48","date_gmt":"2026-09-02T17:17:48","guid":{"rendered":"https:\/\/sabuguinho.com.br\/site\/?p=49039"},"modified":"2026-09-02T14:17:48","modified_gmt":"2026-09-02T17:17:48","slug":"morre-no-rio-aos-83-anos-o-ator-gracindo-jr","status":"publish","type":"post","link":"https:\/\/sabuguinho.com.br\/site\/morre-no-rio-aos-83-anos-o-ator-gracindo-jr\/","title":{"rendered":"Morre no Rio, aos 83 anos, o ator Gracindo Jr."},"content":{"rendered":"<p>Corpo ser\u00e1 cremado \u00e0 tarde no Cemit\u00e9rio da Penit\u00eancia, no Caju<\/p>\n<p>O ator e diretor Gracindo Jr. morreu, na noite dessa ter\u00e7a-feira (2), em casa aos 83 anos, de causas naturais. Em nota, o Minist\u00e9rio da Cultura (MinC) informou que recebeu a not\u00edcia com pesar. Destacou sua dedica\u00e7\u00e3o \u00e0 arte por 50 anos, passando pelo teatro, r\u00e1dio, cinema e televis\u00e3o, per\u00edodo em que desempenhou tamb\u00e9m a fun\u00e7\u00e3o de roteirista.<br \/>\nO nome de batismo &#8211; Epaminondas Xavier Gracindo &#8211; foi dado pelo pai, o tamb\u00e9m ator Paulo Gracindo. Nascido no Rio de Janeiro em 21 de maio de 1943, aos 15 anos Gracindo fez um teste para a R\u00e1dio Nacional e, ao ser aprovado se tornou ator, redator e disc-j\u00f3quei na emissora.<br \/>\nA estreia no teatro foi em 1961, na pe\u00e7a A Escada, de Oswald de Andrade. Na tev\u00ea foram v\u00e1rios os trabalhos em novelas de sucesso como Mandala, O Salvador da P\u00e1tria, Rainha da Sucata, Deus nos Acuda, Explode Cora\u00e7\u00e3o, Anjo de Mim, Esplendor e Celebridade. Gracindo Jr foi um dos fundadores da TV Globo, onde chegou a atuar em produ\u00e7\u00f5es junto com o pai como O Bem Amado. Em O Casar\u00e3o, os dois interpretaram o mesmo personagem nas vers\u00f5es mais jovem e com mais idade.<br \/>\nNa dire\u00e7\u00e3o, tamb\u00e9m na TV, esteve \u00e0 frente da novela Marron-Glac\u00e9 e, em 1983, do programa Os Trapalh\u00f5es.<br \/>\n\u201cO MinC se solidariza com os cinco filhos, sete netos e a esposa, Daisy Poli, com quem estava havia mais de cinco d\u00e9cadas\u201d, concluiu a nota do minist\u00e9rio.<br \/>\nO governador em exerc\u00edcio do estado do Rio, Ricardo Couto, tamb\u00e9m divulgou nota afirmando que recebeu com tristeza a not\u00edcia da morte do ator e diretor., \u201cum dos nomes fundamentais na constru\u00e7\u00e3o da hist\u00f3ria da dramaturgia brasileira\u201d.<br \/>\nRicardo Couto afirmou que o ator \u201cteve trajet\u00f3ria marcada pelo talento,a  versatilidade e o compromisso com a cultura e o entretenimento\u201d ao longo de mais de cinco d\u00e9cadas dedicadas ao teatro, \u00e0 televis\u00e3o, ao r\u00e1dio e ao cinema.<br \/>\n\u201cNeste momento de dor, manifesto minha solidariedade aos familiares, amigos e a todos que tiveram o privil\u00e9gio de conviver com ele\u201d, completou.<\/p>\n<p>\u201cSua luz e seu talento deixaram uma marca inesquec\u00edvel em todos n\u00f3s. Descanse em paz\u201d, postou o agenciador de artistas Marcus Montenegro, no Instagram, que informou a morte do ator.<\/p>\n<p>O corpo de Gracindo JR ser\u00e1 cremado, \u00e0s 14h10, no Cemit\u00e9rio da Penit\u00eancia, no bairro do Caju, zona norte do Rio. De acordo com o cemit\u00e9rio, o vel\u00f3rio na capela 6 come\u00e7ar\u00e1 \u00e0s 12h10.<\/p>\n<p>Confira mais detalhes sobre a vida e a obra de Paulo Gracindo no Rep\u00f3rter Brasil Tarde, da TV Brasil<\/p>\n<p>Edi\u00e7\u00e3o:<br \/>\nGra\u00e7a Adjuto<\/p>\n","protected":false},"excerpt":{"rendered":"<p>Corpo ser\u00e1 cremado \u00e0 tarde no Cemit\u00e9rio da Penit\u00eancia, no Caju O ator e diretor Gracindo Jr. morreu, na noite dessa ter\u00e7a-feira (2), em casa aos 83 anos, de causas naturais. Em nota, o Minist\u00e9rio da Cultura (MinC) informou que recebeu a not\u00edcia com pesar. Destacou sua dedica\u00e7\u00e3o \u00e0 arte por 50 anos, passando pelo [&hellip;]<\/p>\n","protected":false},"author":2,"featured_media":49041,"comment_status":"open","ping_status":"open","sticky":false,"template":"","format":"standard","meta":{"footnotes":""},"categories":[61],"tags":[],"class_list":["post-49039","post","type-post","status-publish","format-standard","has-post-thumbnail","hentry","category-geral"],"_links":{"self":[{"href":"https:\/\/sabuguinho.com.br\/site\/wp-json\/wp\/v2\/posts\/49039","targetHints":{"allow":["GET"]}}],"collection":[{"href":"https:\/\/sabuguinho.com.br\/site\/wp-json\/wp\/v2\/posts"}],"about":[{"href":"https:\/\/sabuguinho.com.br\/site\/wp-json\/wp\/v2\/types\/post"}],"author":[{"embeddable":true,"href":"https:\/\/sabuguinho.com.br\/site\/wp-json\/wp\/v2\/users\/2"}],"replies":[{"embeddable":true,"href":"https:\/\/sabuguinho.com.br\/site\/wp-json\/wp\/v2\/comments?post=49039"}],"version-history":[{"count":1,"href":"https:\/\/sabuguinho.com.br\/site\/wp-json\/wp\/v2\/posts\/49039\/revisions"}],"predecessor-version":[{"id":49042,"href":"https:\/\/sabuguinho.com.br\/site\/wp-json\/wp\/v2\/posts\/49039\/revisions\/49042"}],"wp:featuredmedia":[{"embeddable":true,"href":"https:\/\/sabuguinho.com.br\/site\/wp-json\/wp\/v2\/media\/49041"}],"wp:attachment":[{"href":"https:\/\/sabuguinho.com.br\/site\/wp-json\/wp\/v2\/media?parent=49039"}],"wp:term":[{"taxonomy":"category","embeddable":true,"href":"https:\/\/sabuguinho.com.br\/site\/wp-json\/wp\/v2\/categories?post=49039"},{"taxonomy":"post_tag","embeddable":true,"href":"https:\/\/sabuguinho.com.br\/site\/wp-json\/wp\/v2\/tags?post=49039"}],"curies":[{"name":"wp","href":"https:\/\/api.w.org\/{rel}","templated":true}]}}