{"id":49029,"date":"2026-09-02T11:33:56","date_gmt":"2026-09-02T14:33:56","guid":{"rendered":"https:\/\/sabuguinho.com.br\/site\/?p=49029"},"modified":"2026-09-02T11:33:56","modified_gmt":"2026-09-02T14:33:56","slug":"esporte-equestre-avare-ganha-projecao-mundial-nas-redeas-com-nova-arena-e-eventos-internacionais","status":"publish","type":"post","link":"https:\/\/sabuguinho.com.br\/site\/esporte-equestre-avare-ganha-projecao-mundial-nas-redeas-com-nova-arena-e-eventos-internacionais\/","title":{"rendered":"*ESPORTE EQUESTRE* *Avar\u00e9 ganha proje\u00e7\u00e3o mundial nas r\u00e9deas com nova arena e eventos internacionais*"},"content":{"rendered":"<p>Inaugurada em 2025, estrutura exclusiva para a modalidade consolidou o munic\u00edpio como um dos principais centros do esporte e prepara o cen\u00e1rio para novos eventos de alcance mundial_<\/p>\n<p>A hist\u00f3ria recente da modalidade de R\u00e9deas em Avar\u00e9 ganhou um novo cap\u00edtulo em junho de 2025, com a inaugura\u00e7\u00e3o da primeira arena do pa\u00eds dedicada exclusivamente \u00e0 pr\u00e1tica do esporte. Localizada no Parque de Exposi\u00e7\u00f5es Dr. Fernando Cruz Pimentel, a estrutura representa um marco para a Associa\u00e7\u00e3o Nacional do Cavalo de R\u00e9deas (ANCR) e para toda a comunidade ligada \u00e0 modalidade.<br \/>\nA inaugura\u00e7\u00e3o tamb\u00e9m simbolizou um recome\u00e7o. Em 2024, uma das arenas do recinto havia sido destru\u00edda pelos fortes ventos, impondo um per\u00edodo de desafios para atletas, criadores e organizadores.<br \/>\nA constru\u00e7\u00e3o de um novo espa\u00e7o transformou a adversidade em oportunidade e abriu caminho para uma nova fase de desenvolvimento da modalidade no munic\u00edpio, contando com total apoio do prefeito Roberto Araujo e do secret\u00e1rio municipal da Agricultura e Abastecimento Gerson Fiuza.<br \/>\nBatizada de Integral Mix Arena, a estrutura nasceu de uma parceria entre a ANCR e a empresa de nutri\u00e7\u00e3o animal Integral Mix. O projeto foi concebido para funcionar como um centro permanente de treinos, provas e forma\u00e7\u00e3o t\u00e9cnica, atendendo principalmente \u00e0 regi\u00e3o Sudeste, onde est\u00e1 concentrada grande parte dos atletas e criadores de R\u00e9deas do pa\u00eds.<br \/>\nMais do que uma arena, o espa\u00e7o passou a representar um investimento na profissionaliza\u00e7\u00e3o e na expans\u00e3o do esporte. A possibilidade de receber treinamentos, competi\u00e7\u00f5es e eventos de grande porte em uma estrutura exclusiva amplia a capacidade de Avar\u00e9 de sediar encontros nacionais e internacionais.<\/p>\n<p>*Proje\u00e7\u00e3o mundial*<\/p>\n<p>A voca\u00e7\u00e3o internacional do novo espa\u00e7o ganhou for\u00e7a em 2026, quando Avar\u00e9 voltou a receber a World Youth, competi\u00e7\u00e3o que re\u00fane jovens talentos de diferentes partes do mundo. Nesta edi\u00e7\u00e3o, 16 pa\u00edses participaram do evento realizado na nova arena.<br \/>\nA programa\u00e7\u00e3o, que contou tamb\u00e9m com um grande Derby, refor\u00e7ou a capacidade do munic\u00edpio de receber competi\u00e7\u00f5es de alto n\u00edvel e aproximou ainda mais o p\u00fablico brasileiro do cen\u00e1rio internacional das R\u00e9deas.<br \/>\nCom os avan\u00e7os registrados no complexo e a presen\u00e7a crescente de competidores estrangeiros, a ANCR ampliou a proje\u00e7\u00e3o do Brasil no esporte e consolidou Avar\u00e9 como um ponto estrat\u00e9gico para a modalidade.<\/p>\n<p>*Um novo horizonte*<\/p>\n<p>O pr\u00f3ximo passo j\u00e1 est\u00e1 definido. A realiza\u00e7\u00e3o do The Run For A Million Brazil em Avar\u00e9, em 2027 e 2029, representa uma nova etapa para o munic\u00edpio e para as R\u00e9deas brasileiras. O evento tem homologa\u00e7\u00e3o da ANCR e da National Reining Horse Association (NRHA), colocando a cidade novamente no centro das aten\u00e7\u00f5es do esporte mundial.<br \/>\nA escolha de Avar\u00e9 para receber uma competi\u00e7\u00e3o dessa dimens\u00e3o \u00e9 resultado de um processo que combina infraestrutura, organiza\u00e7\u00e3o e articula\u00e7\u00e3o entre diferentes setores da modalidade.<br \/>\nDiretoria, associados, patrocinadores e parceiros t\u00eam participado dessa transforma\u00e7\u00e3o, construindo, em conjunto, uma trajet\u00f3ria marcada pela supera\u00e7\u00e3o de desafios e pela conquista de novos espa\u00e7os.<br \/>\nDe uma arena destru\u00edda pelos ventos em 2024 ao an\u00fancio de eventos internacionais para os pr\u00f3ximos anos, Avar\u00e9 mostra que o recome\u00e7o pode ser tamb\u00e9m o ponto de partida para uma nova era. E, no caso das R\u00e9deas, o munic\u00edpio j\u00e1 n\u00e3o olha apenas para o Brasil: mira cada vez mais o mundo.<\/p>\n<p><img loading=\"lazy\" decoding=\"async\" src=\"http:\/\/sabuguinho.com.br\/site\/wp-content\/uploads\/2026\/09\/IMG-20260902-WA0065-113x150.jpg\" alt=\"\" width=\"113\" height=\"150\" class=\"alignnone size-medium wp-image-49031\" srcset=\"https:\/\/sabuguinho.com.br\/site\/wp-content\/uploads\/2026\/09\/IMG-20260902-WA0065-113x150.jpg 113w, https:\/\/sabuguinho.com.br\/site\/wp-content\/uploads\/2026\/09\/IMG-20260902-WA0065-384x512.jpg 384w, https:\/\/sabuguinho.com.br\/site\/wp-content\/uploads\/2026\/09\/IMG-20260902-WA0065-768x1024.jpg 768w, https:\/\/sabuguinho.com.br\/site\/wp-content\/uploads\/2026\/09\/IMG-20260902-WA0065-1152x1536.jpg 1152w, https:\/\/sabuguinho.com.br\/site\/wp-content\/uploads\/2026\/09\/IMG-20260902-WA0065-750x1000.jpg 750w, https:\/\/sabuguinho.com.br\/site\/wp-content\/uploads\/2026\/09\/IMG-20260902-WA0065-1140x1520.jpg 1140w, https:\/\/sabuguinho.com.br\/site\/wp-content\/uploads\/2026\/09\/IMG-20260902-WA0065.jpg 1200w\" sizes=\"auto, (max-width: 113px) 100vw, 113px\" \/><\/p>\n","protected":false},"excerpt":{"rendered":"<p>Inaugurada em 2025, estrutura exclusiva para a modalidade consolidou o munic\u00edpio como um dos principais centros do esporte e prepara o cen\u00e1rio para novos eventos de alcance mundial_ A hist\u00f3ria recente da modalidade de R\u00e9deas em Avar\u00e9 ganhou um novo cap\u00edtulo em junho de 2025, com a inaugura\u00e7\u00e3o da primeira arena do pa\u00eds dedicada exclusivamente [&hellip;]<\/p>\n","protected":false},"author":2,"featured_media":49032,"comment_status":"open","ping_status":"open","sticky":false,"template":"","format":"standard","meta":{"footnotes":""},"categories":[58],"tags":[],"class_list":["post-49029","post","type-post","status-publish","format-standard","has-post-thumbnail","hentry","category-noticias-locais"],"_links":{"self":[{"href":"https:\/\/sabuguinho.com.br\/site\/wp-json\/wp\/v2\/posts\/49029","targetHints":{"allow":["GET"]}}],"collection":[{"href":"https:\/\/sabuguinho.com.br\/site\/wp-json\/wp\/v2\/posts"}],"about":[{"href":"https:\/\/sabuguinho.com.br\/site\/wp-json\/wp\/v2\/types\/post"}],"author":[{"embeddable":true,"href":"https:\/\/sabuguinho.com.br\/site\/wp-json\/wp\/v2\/users\/2"}],"replies":[{"embeddable":true,"href":"https:\/\/sabuguinho.com.br\/site\/wp-json\/wp\/v2\/comments?post=49029"}],"version-history":[{"count":1,"href":"https:\/\/sabuguinho.com.br\/site\/wp-json\/wp\/v2\/posts\/49029\/revisions"}],"predecessor-version":[{"id":49033,"href":"https:\/\/sabuguinho.com.br\/site\/wp-json\/wp\/v2\/posts\/49029\/revisions\/49033"}],"wp:featuredmedia":[{"embeddable":true,"href":"https:\/\/sabuguinho.com.br\/site\/wp-json\/wp\/v2\/media\/49032"}],"wp:attachment":[{"href":"https:\/\/sabuguinho.com.br\/site\/wp-json\/wp\/v2\/media?parent=49029"}],"wp:term":[{"taxonomy":"category","embeddable":true,"href":"https:\/\/sabuguinho.com.br\/site\/wp-json\/wp\/v2\/categories?post=49029"},{"taxonomy":"post_tag","embeddable":true,"href":"https:\/\/sabuguinho.com.br\/site\/wp-json\/wp\/v2\/tags?post=49029"}],"curies":[{"name":"wp","href":"https:\/\/api.w.org\/{rel}","templated":true}]}}