{"id":49007,"date":"2026-09-01T16:01:27","date_gmt":"2026-09-01T19:01:27","guid":{"rendered":"https:\/\/sabuguinho.com.br\/site\/?p=49007"},"modified":"2026-09-01T16:01:27","modified_gmt":"2026-09-01T19:01:27","slug":"peao-de-avare-matheus-germano-e-vice-campeao-do-rodeio-junior-em-barretos","status":"publish","type":"post","link":"https:\/\/sabuguinho.com.br\/site\/peao-de-avare-matheus-germano-e-vice-campeao-do-rodeio-junior-em-barretos\/","title":{"rendered":"PE\u00c3O DE AVAR\u00c9, MATHEUS GERMANO, \u00c9 VICE-CAMPE\u00c3O DO RODEIO J\u00daNIOR EM BARRETOS"},"content":{"rendered":"<p>Aos 17 anos, avareense terminou a competi\u00e7\u00e3o com 267 pontos e garantiu lugar no p\u00f3dio da 71\u00aa Festa do Pe\u00e3o de Barretos<\/p>\n<p>O pe\u00e3o avareense Matheus Henrique Leite Germano, de 17 anos, conquistou o vice-campeonato do Rodeio J\u00fanior da 71\u00aa Festa do Pe\u00e3o de Barretos, uma das principais competi\u00e7\u00f5es de montaria em touros do pa\u00eds. A final foi realizada no domingo (30), no Est\u00e1dio de Rodeios, em Barretos.<br \/>\nMatheus encerrou a disputa com 267 pontos, ficando atr\u00e1s apenas de Lucas Henrique Chagas, tamb\u00e9m de 17 anos, de Quintana (SP), que foi campe\u00e3o de forma invicta, com 342,40 pontos na somat\u00f3ria de todas as montarias.<br \/>\nO resultado coloca o nome de Matheus Germano em evid\u00eancia no cen\u00e1rio da montaria em touros. Representando Avar\u00e9 em uma das arenas mais tradicionais do rodeio brasileiro, o jovem pe\u00e3o conseguiu superar competidores de diferentes cidades e estados e terminou entre os principais destaques da competi\u00e7\u00e3o.<br \/>\nO terceiro lugar ficou com Luiz Henrique Ferreira Martins, de Rio Claro (SP), que somou 254,70 pontos. Na sequ\u00eancia apareceram Luiz Henrique Oliveira Barros, de Boituva (SP), com 241,90 pontos, e Aruen Augusto da Silva, de Cascavel (PR), com 239,70.<br \/>\nA conquista de Matheus tamb\u00e9m foi destacada pelo vereador Jairinho do Paineiras, que parabenizou o jovem pela participa\u00e7\u00e3o em Barretos e pelo resultado alcan\u00e7ado.<br \/>\n\u201c\u00c9 uma grande alegria ver um jovem de Avar\u00e9 levando o nome da nossa cidade para uma competi\u00e7\u00e3o t\u00e3o importante como o Rodeio J\u00fanior de Barretos. O Matheus mostrou talento, coragem e determina\u00e7\u00e3o para chegar \u00e0 final e conquistar o segundo lugar. \u00c9 um orgulho para todos n\u00f3s e, sem d\u00favida, uma inspira\u00e7\u00e3o para outros jovens que sonham em seguir esse caminho. Parab\u00e9ns, Matheus, por representar t\u00e3o bem Avar\u00e9\u201d, afirmou o vereador.<br \/>\nO t\u00edtulo ficou com Lucas Henrique Chagas, de Quintana, que teve uma campanha invicta e somou 342,40 pontos. Aos 17 anos, o competidor foi apontado como uma das grandes revela\u00e7\u00f5es da montaria em touros durante a competi\u00e7\u00e3o.<br \/>\nAl\u00e9m da disputa entre os pe\u00f5es, a organiza\u00e7\u00e3o tamb\u00e9m premiou os destaques entre os animais e companhias. O touro Explosivo, da Companhia Gottaz, de S\u00e3o Jos\u00e9 do Rio Preto, foi eleito o melhor da competi\u00e7\u00e3o, com m\u00e9dia de 45,50 pontos.<br \/>\nA Companhia Gottaz tamb\u00e9m conquistou o reconhecimento de melhor boiada, com m\u00e9dia de 43,40 pontos.<\/p>\n<p>Classifica\u00e7\u00e3o final do Rodeio J\u00fanior<\/p>\n<p>Lucas Henrique Chagas (Quintana-SP) \u2013 342,40 pontos<br \/>\nMatheus Henrique Leite Germano (Avar\u00e9-SP) \u2013 267 pontos<br \/>\nLuiz Henrique Ferreira Martins (Rio Claro-SP) \u2013 254,70 pontos<br \/>\nLuiz Henrique Oliveira Barros (Boituva-SP) \u2013 241,90 pontos<br \/>\nAruen Augusto da Silva (Cascavel-PR) \u2013 239,70 pontos<br \/>\nLuiz Gustavo dos Prazeres Santos (S\u00e3o Jorge do Patroc\u00ednio-PR) \u2013 169 pontos<br \/>\nVinicius Ismael Lima (Inoc\u00eancia-MS) \u2013 165,60 pontos<br \/>\nGustavo Rocha Soares Silva (Sarapu\u00ed-SP) \u2013 165,40 pontos<br \/>\nJhonatan Rios Furtado (Alt\u00f4nia-PR) \u2013 161,50 pontos<br \/>\nPietro Lucas Batista (Par\u00e1 de Minas-MG) \u2013 154,70 pontos<br \/>\nConfira momentos da participa\u00e7\u00e3o do avareense clicando AQUI!<\/p>\n<p><img loading=\"lazy\" decoding=\"async\" src=\"http:\/\/sabuguinho.com.br\/site\/wp-content\/uploads\/2026\/09\/WhatsApp-Image-2026-08-31-at-16.20.43-1-150x100.jpeg\" alt=\"\" width=\"150\" height=\"100\" class=\"alignnone size-medium wp-image-49008\" srcset=\"https:\/\/sabuguinho.com.br\/site\/wp-content\/uploads\/2026\/09\/WhatsApp-Image-2026-08-31-at-16.20.43-1-150x100.jpeg 150w, https:\/\/sabuguinho.com.br\/site\/wp-content\/uploads\/2026\/09\/WhatsApp-Image-2026-08-31-at-16.20.43-1-512x341.jpeg 512w, https:\/\/sabuguinho.com.br\/site\/wp-content\/uploads\/2026\/09\/WhatsApp-Image-2026-08-31-at-16.20.43-1-768x511.jpeg 768w, https:\/\/sabuguinho.com.br\/site\/wp-content\/uploads\/2026\/09\/WhatsApp-Image-2026-08-31-at-16.20.43-1-750x499.jpeg 750w, https:\/\/sabuguinho.com.br\/site\/wp-content\/uploads\/2026\/09\/WhatsApp-Image-2026-08-31-at-16.20.43-1.jpeg 1140w\" sizes=\"auto, (max-width: 150px) 100vw, 150px\" \/><\/p>\n<p><img loading=\"lazy\" decoding=\"async\" src=\"http:\/\/sabuguinho.com.br\/site\/wp-content\/uploads\/2026\/09\/WhatsApp-Image-2026-08-31-at-16.20.43-3-120x150.jpeg\" alt=\"\" width=\"120\" height=\"150\" class=\"alignnone size-medium wp-image-49009\" srcset=\"https:\/\/sabuguinho.com.br\/site\/wp-content\/uploads\/2026\/09\/WhatsApp-Image-2026-08-31-at-16.20.43-3-120x150.jpeg 120w, https:\/\/sabuguinho.com.br\/site\/wp-content\/uploads\/2026\/09\/WhatsApp-Image-2026-08-31-at-16.20.43-3-410x512.jpeg 410w, https:\/\/sabuguinho.com.br\/site\/wp-content\/uploads\/2026\/09\/WhatsApp-Image-2026-08-31-at-16.20.43-3-768x960.jpeg 768w, https:\/\/sabuguinho.com.br\/site\/wp-content\/uploads\/2026\/09\/WhatsApp-Image-2026-08-31-at-16.20.43-3-750x938.jpeg 750w, https:\/\/sabuguinho.com.br\/site\/wp-content\/uploads\/2026\/09\/WhatsApp-Image-2026-08-31-at-16.20.43-3.jpeg 1140w\" sizes=\"auto, (max-width: 120px) 100vw, 120px\" \/><\/p>\n<p><img loading=\"lazy\" decoding=\"async\" src=\"http:\/\/sabuguinho.com.br\/site\/wp-content\/uploads\/2026\/09\/WhatsApp-Image-2026-08-31-at-16.20.43-2-120x150.jpeg\" alt=\"\" width=\"120\" height=\"150\" class=\"alignnone size-medium wp-image-49010\" srcset=\"https:\/\/sabuguinho.com.br\/site\/wp-content\/uploads\/2026\/09\/WhatsApp-Image-2026-08-31-at-16.20.43-2-120x150.jpeg 120w, https:\/\/sabuguinho.com.br\/site\/wp-content\/uploads\/2026\/09\/WhatsApp-Image-2026-08-31-at-16.20.43-2-410x512.jpeg 410w, https:\/\/sabuguinho.com.br\/site\/wp-content\/uploads\/2026\/09\/WhatsApp-Image-2026-08-31-at-16.20.43-2-768x960.jpeg 768w, https:\/\/sabuguinho.com.br\/site\/wp-content\/uploads\/2026\/09\/WhatsApp-Image-2026-08-31-at-16.20.43-2-750x938.jpeg 750w, https:\/\/sabuguinho.com.br\/site\/wp-content\/uploads\/2026\/09\/WhatsApp-Image-2026-08-31-at-16.20.43-2.jpeg 1140w\" sizes=\"auto, (max-width: 120px) 100vw, 120px\" \/><\/p>\n<p><img loading=\"lazy\" decoding=\"async\" src=\"http:\/\/sabuguinho.com.br\/site\/wp-content\/uploads\/2026\/09\/Screenshot_6-1-150x96.png\" alt=\"\" width=\"150\" height=\"96\" class=\"alignnone size-medium wp-image-49011\" srcset=\"https:\/\/sabuguinho.com.br\/site\/wp-content\/uploads\/2026\/09\/Screenshot_6-1-150x96.png 150w, https:\/\/sabuguinho.com.br\/site\/wp-content\/uploads\/2026\/09\/Screenshot_6-1-512x326.png 512w, https:\/\/sabuguinho.com.br\/site\/wp-content\/uploads\/2026\/09\/Screenshot_6-1-768x490.png 768w, https:\/\/sabuguinho.com.br\/site\/wp-content\/uploads\/2026\/09\/Screenshot_6-1-750x478.png 750w, https:\/\/sabuguinho.com.br\/site\/wp-content\/uploads\/2026\/09\/Screenshot_6-1.png 792w\" sizes=\"auto, (max-width: 150px) 100vw, 150px\" \/><\/p>\n","protected":false},"excerpt":{"rendered":"<p>Aos 17 anos, avareense terminou a competi\u00e7\u00e3o com 267 pontos e garantiu lugar no p\u00f3dio da 71\u00aa Festa do Pe\u00e3o de Barretos O pe\u00e3o avareense Matheus Henrique Leite Germano, de 17 anos, conquistou o vice-campeonato do Rodeio J\u00fanior da 71\u00aa Festa do Pe\u00e3o de Barretos, uma das principais competi\u00e7\u00f5es de montaria em touros do pa\u00eds. [&hellip;]<\/p>\n","protected":false},"author":2,"featured_media":49012,"comment_status":"open","ping_status":"open","sticky":false,"template":"","format":"standard","meta":{"footnotes":""},"categories":[65],"tags":[],"class_list":["post-49007","post","type-post","status-publish","format-standard","has-post-thumbnail","hentry","category-sociai"],"_links":{"self":[{"href":"https:\/\/sabuguinho.com.br\/site\/wp-json\/wp\/v2\/posts\/49007","targetHints":{"allow":["GET"]}}],"collection":[{"href":"https:\/\/sabuguinho.com.br\/site\/wp-json\/wp\/v2\/posts"}],"about":[{"href":"https:\/\/sabuguinho.com.br\/site\/wp-json\/wp\/v2\/types\/post"}],"author":[{"embeddable":true,"href":"https:\/\/sabuguinho.com.br\/site\/wp-json\/wp\/v2\/users\/2"}],"replies":[{"embeddable":true,"href":"https:\/\/sabuguinho.com.br\/site\/wp-json\/wp\/v2\/comments?post=49007"}],"version-history":[{"count":1,"href":"https:\/\/sabuguinho.com.br\/site\/wp-json\/wp\/v2\/posts\/49007\/revisions"}],"predecessor-version":[{"id":49013,"href":"https:\/\/sabuguinho.com.br\/site\/wp-json\/wp\/v2\/posts\/49007\/revisions\/49013"}],"wp:featuredmedia":[{"embeddable":true,"href":"https:\/\/sabuguinho.com.br\/site\/wp-json\/wp\/v2\/media\/49012"}],"wp:attachment":[{"href":"https:\/\/sabuguinho.com.br\/site\/wp-json\/wp\/v2\/media?parent=49007"}],"wp:term":[{"taxonomy":"category","embeddable":true,"href":"https:\/\/sabuguinho.com.br\/site\/wp-json\/wp\/v2\/categories?post=49007"},{"taxonomy":"post_tag","embeddable":true,"href":"https:\/\/sabuguinho.com.br\/site\/wp-json\/wp\/v2\/tags?post=49007"}],"curies":[{"name":"wp","href":"https:\/\/api.w.org\/{rel}","templated":true}]}}