{"id":48997,"date":"2026-09-01T10:46:42","date_gmt":"2026-09-01T13:46:42","guid":{"rendered":"https:\/\/sabuguinho.com.br\/site\/?p=48997"},"modified":"2026-09-01T10:46:42","modified_gmt":"2026-09-01T13:46:42","slug":"saude-posto-bannwart-promove-campanha-setembro-verde-e-amarelo-neste-sabado-5","status":"publish","type":"post","link":"https:\/\/sabuguinho.com.br\/site\/saude-posto-bannwart-promove-campanha-setembro-verde-e-amarelo-neste-sabado-5\/","title":{"rendered":"SA\u00daDE *Posto Bannwart promove campanha Setembro Verde e Amarelo neste s\u00e1bado, 5*"},"content":{"rendered":"<p>Servi\u00e7os de sa\u00fade e outras atividades ser\u00e3o oferecidos \u00e0 popula\u00e7\u00e3o das 8h \u00e0s 15h_<\/p>\n<p>A popula\u00e7\u00e3o da \u00e1rea de abrang\u00eancia do posto Bannwart est\u00e1 convidada a participar da campanha Setembro Verde e Amarelo que acontece na manh\u00e3 deste s\u00e1bado, 5 de setembro.<br \/>\nO evento \u00e9 alusivo ao m\u00eas da inclus\u00e3o de pessoas com defici\u00eancia e da preven\u00e7\u00e3o ao suic\u00eddio.<br \/>\nA iniciativa tem apoio do prefeito Roberto Araujo.<br \/>\n\u201cVamos juntos cuidar da sa\u00fade f\u00edsica e mental e promover acolhimento e inclus\u00e3o\u201d, destaca a Secretaria Municipal da Sa\u00fade.<\/p>\n<p>*Programa\u00e7\u00e3o*<\/p>\n<p>Uma s\u00e9rie de servi\u00e7os ser\u00e1 oferecida ao p\u00fablico das 8h \u00e0s 15h. A programa\u00e7\u00e3o inclui atualiza\u00e7\u00e3o de caderneta vacinal, coleta de Papanicolaou, pesagem do Bolsa Fam\u00edlia e avalia\u00e7\u00e3o odontol\u00f3gica e com nutricionista, al\u00e9m de brech\u00f3.<br \/>\nA edi\u00e7\u00e3o vai contar com a participa\u00e7\u00e3o da Secretaria Especial dos Direitos da Pessoa com Defici\u00eancia.<br \/>\nA unidade de sa\u00fade fica na Rua Delfina Lopes Peres, s\/n, no Residencial M\u00e1rio Em\u00edlio Bannwart.<\/p>\n","protected":false},"excerpt":{"rendered":"<p>Servi\u00e7os de sa\u00fade e outras atividades ser\u00e3o oferecidos \u00e0 popula\u00e7\u00e3o das 8h \u00e0s 15h_ A popula\u00e7\u00e3o da \u00e1rea de abrang\u00eancia do posto Bannwart est\u00e1 convidada a participar da campanha Setembro Verde e Amarelo que acontece na manh\u00e3 deste s\u00e1bado, 5 de setembro. O evento \u00e9 alusivo ao m\u00eas da inclus\u00e3o de pessoas com defici\u00eancia e [&hellip;]<\/p>\n","protected":false},"author":2,"featured_media":48998,"comment_status":"open","ping_status":"open","sticky":false,"template":"","format":"standard","meta":{"footnotes":""},"categories":[58],"tags":[],"class_list":["post-48997","post","type-post","status-publish","format-standard","has-post-thumbnail","hentry","category-noticias-locais"],"_links":{"self":[{"href":"https:\/\/sabuguinho.com.br\/site\/wp-json\/wp\/v2\/posts\/48997","targetHints":{"allow":["GET"]}}],"collection":[{"href":"https:\/\/sabuguinho.com.br\/site\/wp-json\/wp\/v2\/posts"}],"about":[{"href":"https:\/\/sabuguinho.com.br\/site\/wp-json\/wp\/v2\/types\/post"}],"author":[{"embeddable":true,"href":"https:\/\/sabuguinho.com.br\/site\/wp-json\/wp\/v2\/users\/2"}],"replies":[{"embeddable":true,"href":"https:\/\/sabuguinho.com.br\/site\/wp-json\/wp\/v2\/comments?post=48997"}],"version-history":[{"count":1,"href":"https:\/\/sabuguinho.com.br\/site\/wp-json\/wp\/v2\/posts\/48997\/revisions"}],"predecessor-version":[{"id":48999,"href":"https:\/\/sabuguinho.com.br\/site\/wp-json\/wp\/v2\/posts\/48997\/revisions\/48999"}],"wp:featuredmedia":[{"embeddable":true,"href":"https:\/\/sabuguinho.com.br\/site\/wp-json\/wp\/v2\/media\/48998"}],"wp:attachment":[{"href":"https:\/\/sabuguinho.com.br\/site\/wp-json\/wp\/v2\/media?parent=48997"}],"wp:term":[{"taxonomy":"category","embeddable":true,"href":"https:\/\/sabuguinho.com.br\/site\/wp-json\/wp\/v2\/categories?post=48997"},{"taxonomy":"post_tag","embeddable":true,"href":"https:\/\/sabuguinho.com.br\/site\/wp-json\/wp\/v2\/tags?post=48997"}],"curies":[{"name":"wp","href":"https:\/\/api.w.org\/{rel}","templated":true}]}}