{"id":48990,"date":"2026-08-31T17:28:10","date_gmt":"2026-08-31T20:28:10","guid":{"rendered":"https:\/\/sabuguinho.com.br\/site\/?p=48990"},"modified":"2026-08-31T17:28:10","modified_gmt":"2026-08-31T20:28:10","slug":"morre-o-cantor-sertanejo-marcelo-gasparini-dupla-de-mauricio-aos-54-anos","status":"publish","type":"post","link":"https:\/\/sabuguinho.com.br\/site\/morre-o-cantor-sertanejo-marcelo-gasparini-dupla-de-mauricio-aos-54-anos\/","title":{"rendered":"Morre o cantor sertanejo Marcelo Gasparini, dupla de Mauricio, aos 54 anos"},"content":{"rendered":"<p>O cantor sertanejo Marcelo Gasparini, de 54 anos, morreu na madrugada desta segunda-feira (1\u00ba) em decorr\u00eancia de um c\u00e2ncer no sangue, em Ribeir\u00e3o Preto, S\u00e3o Paulo. O artista formava dupla com o irm\u00e3o g\u00eameo e vereador Maur\u00edcio Gasparini.<br \/>\nA not\u00edcia da morte foi divulgada em uma nota publicada pela fam\u00edlia de Marcelo nas redes sociais. O cantor foi diagnosticado em fevereiro deste ano com leucemia mieloide aguda (LMA) e, desde ent\u00e3o, iniciou o tratamento e passou a compartilhar sua rotina nas redes sociais.<br \/>\nCompartilhe esse conte\u00fado utilizando as ferramentas de compartilhamento oferecidas na p\u00e1gina ou pelo link <\/p>\n","protected":false},"excerpt":{"rendered":"<p>O cantor sertanejo Marcelo Gasparini, de 54 anos, morreu na madrugada desta segunda-feira (1\u00ba) em decorr\u00eancia de um c\u00e2ncer no sangue, em Ribeir\u00e3o Preto, S\u00e3o Paulo. O artista formava dupla com o irm\u00e3o g\u00eameo e vereador Maur\u00edcio Gasparini. A not\u00edcia da morte foi divulgada em uma nota publicada pela fam\u00edlia de Marcelo nas redes sociais. [&hellip;]<\/p>\n","protected":false},"author":2,"featured_media":48993,"comment_status":"open","ping_status":"open","sticky":false,"template":"","format":"standard","meta":{"footnotes":""},"categories":[61],"tags":[],"class_list":["post-48990","post","type-post","status-publish","format-standard","has-post-thumbnail","hentry","category-geral"],"_links":{"self":[{"href":"https:\/\/sabuguinho.com.br\/site\/wp-json\/wp\/v2\/posts\/48990","targetHints":{"allow":["GET"]}}],"collection":[{"href":"https:\/\/sabuguinho.com.br\/site\/wp-json\/wp\/v2\/posts"}],"about":[{"href":"https:\/\/sabuguinho.com.br\/site\/wp-json\/wp\/v2\/types\/post"}],"author":[{"embeddable":true,"href":"https:\/\/sabuguinho.com.br\/site\/wp-json\/wp\/v2\/users\/2"}],"replies":[{"embeddable":true,"href":"https:\/\/sabuguinho.com.br\/site\/wp-json\/wp\/v2\/comments?post=48990"}],"version-history":[{"count":1,"href":"https:\/\/sabuguinho.com.br\/site\/wp-json\/wp\/v2\/posts\/48990\/revisions"}],"predecessor-version":[{"id":48994,"href":"https:\/\/sabuguinho.com.br\/site\/wp-json\/wp\/v2\/posts\/48990\/revisions\/48994"}],"wp:featuredmedia":[{"embeddable":true,"href":"https:\/\/sabuguinho.com.br\/site\/wp-json\/wp\/v2\/media\/48993"}],"wp:attachment":[{"href":"https:\/\/sabuguinho.com.br\/site\/wp-json\/wp\/v2\/media?parent=48990"}],"wp:term":[{"taxonomy":"category","embeddable":true,"href":"https:\/\/sabuguinho.com.br\/site\/wp-json\/wp\/v2\/categories?post=48990"},{"taxonomy":"post_tag","embeddable":true,"href":"https:\/\/sabuguinho.com.br\/site\/wp-json\/wp\/v2\/tags?post=48990"}],"curies":[{"name":"wp","href":"https:\/\/api.w.org\/{rel}","templated":true}]}}