{"id":48948,"date":"2026-08-31T10:51:55","date_gmt":"2026-08-31T13:51:55","guid":{"rendered":"https:\/\/sabuguinho.com.br\/site\/?p=48948"},"modified":"2026-08-31T10:51:55","modified_gmt":"2026-08-31T13:51:55","slug":"bem-estar-vacinacao-contra-a-raiva-animal-bate-recorde-em-avare","status":"publish","type":"post","link":"https:\/\/sabuguinho.com.br\/site\/bem-estar-vacinacao-contra-a-raiva-animal-bate-recorde-em-avare\/","title":{"rendered":"*BEM-ESTAR *Vacina\u00e7\u00e3o contra a raiva animal bate recorde em Avar\u00e9*"},"content":{"rendered":"<p>A\u00e7\u00e3o realizada no Largo S\u00e3o Jo\u00e3o imunizou 1.053 c\u00e3es e gatos em apenas quatro horas; munic\u00edpio j\u00e1 soma cerca de 8 mil animais vacinados em aproximadamente um ano_<\/p>\n<p>A etapa de vacina\u00e7\u00e3o contra a raiva animal alcan\u00e7ou um resultado recorde em Avar\u00e9. No s\u00e1bado (29), 1.053 animais, entre c\u00e3es e gatos, foram imunizados em apenas quatro horas durante a a\u00e7\u00e3o realizada no Largo S\u00e3o Jo\u00e3o.<br \/>\nA iniciativa contou com a participa\u00e7\u00e3o das secretarias de Agricultura e Prote\u00e7\u00e3o e Bem-Estar Animal, da Vigil\u00e2ncia Sanit\u00e1ria e de alunos estagi\u00e1rios da UniFSP, que atuaram no atendimento \u00e0 popula\u00e7\u00e3o e na vacina\u00e7\u00e3o dos animais.<br \/>\nConsiderada uma doen\u00e7a extremamente perigosa, a raiva animal continua sendo motivo de preocupa\u00e7\u00e3o devido \u00e0 ocorr\u00eancia de casos no Estado de S\u00e3o Paulo. Em Avar\u00e9, o trabalho de vacina\u00e7\u00e3o vem contribuindo para o controle e a erradica\u00e7\u00e3o da doen\u00e7a.<br \/>\nAo longo de aproximadamente um ano, cerca de 8 mil animais j\u00e1 foram vacinados em Avar\u00e9, refor\u00e7ando as a\u00e7\u00f5es de preven\u00e7\u00e3o e prote\u00e7\u00e3o da sa\u00fade animal e da popula\u00e7\u00e3o.<br \/>\nO secret\u00e1rio de Agricultura e Prote\u00e7\u00e3o e Bem-Estar Animal, Gerson Fiuza, destacou a participa\u00e7\u00e3o da comunidade e agradeceu, em nome do prefeito Roberto Araujo, o envolvimento dos tutores na campanha.<br \/>\n\u201cEm nome do prefeito Roberto Araujo, agradecemos a todos que participaram\u201d, destacou Gerson Fiuza.<br \/>\nA mobiliza\u00e7\u00e3o refor\u00e7a a import\u00e2ncia da vacina\u00e7\u00e3o como principal medida de preven\u00e7\u00e3o contra a raiva e demonstra a ades\u00e3o dos moradores \u00e0s a\u00e7\u00f5es de sa\u00fade p\u00fablica e prote\u00e7\u00e3o animal promovidas pelo munic\u00edpio.<\/p>\n<p>*Novas etapas*<\/p>\n<p>As secretarias de Agricultura e Prote\u00e7\u00e3o e Bem-Estar Animal informa que as a\u00e7\u00f5es de vacina\u00e7\u00e3o contra a raiva animal ter\u00e3o novas etapas durante o m\u00eas de setembro, abrangendo todos os bairros do munic\u00edpio, e que as datas ser\u00e3o divulgadas em breve.<\/p>\n<p><img loading=\"lazy\" decoding=\"async\" src=\"http:\/\/sabuguinho.com.br\/site\/wp-content\/uploads\/2026\/08\/IMG-20260831-WA0037-150x113.jpg\" alt=\"\" width=\"150\" height=\"113\" class=\"alignnone size-medium wp-image-48950\" srcset=\"https:\/\/sabuguinho.com.br\/site\/wp-content\/uploads\/2026\/08\/IMG-20260831-WA0037-150x113.jpg 150w, https:\/\/sabuguinho.com.br\/site\/wp-content\/uploads\/2026\/08\/IMG-20260831-WA0037-512x384.jpg 512w, https:\/\/sabuguinho.com.br\/site\/wp-content\/uploads\/2026\/08\/IMG-20260831-WA0037-768x576.jpg 768w, https:\/\/sabuguinho.com.br\/site\/wp-content\/uploads\/2026\/08\/IMG-20260831-WA0037-1536x1152.jpg 1536w, https:\/\/sabuguinho.com.br\/site\/wp-content\/uploads\/2026\/08\/IMG-20260831-WA0037-750x563.jpg 750w, https:\/\/sabuguinho.com.br\/site\/wp-content\/uploads\/2026\/08\/IMG-20260831-WA0037-1140x855.jpg 1140w, https:\/\/sabuguinho.com.br\/site\/wp-content\/uploads\/2026\/08\/IMG-20260831-WA0037.jpg 1600w\" sizes=\"auto, (max-width: 150px) 100vw, 150px\" \/><\/p>\n","protected":false},"excerpt":{"rendered":"<p>A\u00e7\u00e3o realizada no Largo S\u00e3o Jo\u00e3o imunizou 1.053 c\u00e3es e gatos em apenas quatro horas; munic\u00edpio j\u00e1 soma cerca de 8 mil animais vacinados em aproximadamente um ano_ A etapa de vacina\u00e7\u00e3o contra a raiva animal alcan\u00e7ou um resultado recorde em Avar\u00e9. No s\u00e1bado (29), 1.053 animais, entre c\u00e3es e gatos, foram imunizados em apenas [&hellip;]<\/p>\n","protected":false},"author":2,"featured_media":48951,"comment_status":"open","ping_status":"open","sticky":false,"template":"","format":"standard","meta":{"footnotes":""},"categories":[58],"tags":[],"class_list":["post-48948","post","type-post","status-publish","format-standard","has-post-thumbnail","hentry","category-noticias-locais"],"_links":{"self":[{"href":"https:\/\/sabuguinho.com.br\/site\/wp-json\/wp\/v2\/posts\/48948","targetHints":{"allow":["GET"]}}],"collection":[{"href":"https:\/\/sabuguinho.com.br\/site\/wp-json\/wp\/v2\/posts"}],"about":[{"href":"https:\/\/sabuguinho.com.br\/site\/wp-json\/wp\/v2\/types\/post"}],"author":[{"embeddable":true,"href":"https:\/\/sabuguinho.com.br\/site\/wp-json\/wp\/v2\/users\/2"}],"replies":[{"embeddable":true,"href":"https:\/\/sabuguinho.com.br\/site\/wp-json\/wp\/v2\/comments?post=48948"}],"version-history":[{"count":1,"href":"https:\/\/sabuguinho.com.br\/site\/wp-json\/wp\/v2\/posts\/48948\/revisions"}],"predecessor-version":[{"id":48952,"href":"https:\/\/sabuguinho.com.br\/site\/wp-json\/wp\/v2\/posts\/48948\/revisions\/48952"}],"wp:featuredmedia":[{"embeddable":true,"href":"https:\/\/sabuguinho.com.br\/site\/wp-json\/wp\/v2\/media\/48951"}],"wp:attachment":[{"href":"https:\/\/sabuguinho.com.br\/site\/wp-json\/wp\/v2\/media?parent=48948"}],"wp:term":[{"taxonomy":"category","embeddable":true,"href":"https:\/\/sabuguinho.com.br\/site\/wp-json\/wp\/v2\/categories?post=48948"},{"taxonomy":"post_tag","embeddable":true,"href":"https:\/\/sabuguinho.com.br\/site\/wp-json\/wp\/v2\/tags?post=48948"}],"curies":[{"name":"wp","href":"https:\/\/api.w.org\/{rel}","templated":true}]}}