{"id":489,"date":"2023-11-06T15:20:46","date_gmt":"2023-11-06T18:20:46","guid":{"rendered":"https:\/\/sabuguinho.com.br\/site\/?p=489"},"modified":"2023-11-06T15:20:46","modified_gmt":"2023-11-06T18:20:46","slug":"diniz-convoca-selecao-brasileira-para-jogos-contra-argentina-e-colombia-confira-a-lista","status":"publish","type":"post","link":"https:\/\/sabuguinho.com.br\/site\/diniz-convoca-selecao-brasileira-para-jogos-contra-argentina-e-colombia-confira-a-lista\/","title":{"rendered":"Diniz convoca sele\u00e7\u00e3o brasileira para jogos contra Argentina e Col\u00f4mbia. Confira a lista!"},"content":{"rendered":"<p>Fernando Diniz convocou nesta segunda-feira, a sele\u00e7\u00e3o brasileira para os dois pr\u00f3ximos jogos das Eliminat\u00f3rias da Copa do Mundo, contra a Col\u00f4mbia e Argentina, neste m\u00eas de novembro.Uma novidade na lista \u00e9 o retorno depois de dois anos de Douglas Luiz. Meio-campista do Aston Villa n\u00e3o era chamado desde o vice da Copa Am\u00e9rica de 2021 e a janela de Data-Fifa de outubro de 2021. S\u00f3 que a grande novidade \u00e9 Endrick, atacante, de 17 anos, do Palmeiras.<br \/>\nOs convocados de Fernando Diniz foram os seguintes:<\/p>\n<p>GOLEIROS<\/p>\n<p>Alisson &#8211; Liverpool (ING)<\/p>\n<p>Lucas Perri &#8211; Botafogo<\/p>\n<p>Ederson &#8211; Manchester City (ING)<\/p>\n<p>LATERAIS<\/p>\n<p>Emerson Royal &#8211; Tottenham (ING)<\/p>\n<p>Carlos Augusto &#8211; Inter de Mil\u00e3o (ITA)<\/p>\n<p>Renan Lodi &#8211; Olympique de Marselha (FRA)<\/p>\n<p>ZAGUEIROS<\/p>\n<p>Bremer &#8211; Juventus (ITA)<\/p>\n<p>Gabriel Magalh\u00e3es &#8211; Arsenal (ING)<\/p>\n<p>Marquinhos &#8211; PSG (FRA)<\/p>\n<p>Nino &#8211; Fluminense <\/p>\n<p>MEIO-CAMPISTAS<\/p>\n<p>Andr\u00e9 &#8211; Fluminense<\/p>\n<p>Bruno Guimar\u00e3es &#8211; Newcastle (ING)<\/p>\n<p>Douglas Lu\u00edz &#8211; Aston Villa (ING)<\/p>\n<p>Joelinton &#8211; Newcastle (ING)<\/p>\n<p>Raphael Veiga &#8211; Palmeiras<\/p>\n<p>Rodrygo &#8211; Real Madrid (ESP)<\/p>\n<p>ATACANTES<\/p>\n<p>Endrick &#8211; Palmeiras<\/p>\n<p>Gabriel Jesus &#8211; Arsenal (ING)<\/p>\n<p>Gabriel Martinelli &#8211; Arsenal (ING)<\/p>\n<p>Jo\u00e3o Pedro &#8211; Brighton (ING)<\/p>\n<p>Paulinho &#8211; Atl\u00e9tico Mineiro<\/p>\n<p>Pep\u00ea &#8211; Porto (POR)<\/p>\n<p>Raphinha &#8211; Barcelona (ESP)<\/p>\n<p>Vin\u00edcius J\u00fanior &#8211; Real Madrid (ESP)<\/p>\n<p>PUBLICIDADE<\/p>\n<p>O Brasil ir\u00e1 enfrentar em novembro pelas Eliminat\u00f3rias da Copa, a Col\u00f4mbia, no dia 16, fora de casa (21h), e Argentina, dia 21, no Maracan\u00e3 (21h30).<br \/>\nA sele\u00e7\u00e3o brasileira \u00e9 a terceira colocada na tabela das Eliminat\u00f3rias, com sete pontos, mas enfrenta duas sele\u00e7\u00f5es que tamb\u00e9m est\u00e3o em \u00f3timo momento na competi\u00e7\u00e3o, ap\u00f3s quatro rodadas.<br \/>\nA Argentina lidera com 12 pontos e 100% de aproveitamento. A equipe de Messi \u00e9 a atual campe\u00e3 da Copa do Mundo e da Copa Am\u00e9rica.<br \/>\nA Col\u00f4mbia est\u00e1 em quinto com seis pontos e em caso de vit\u00f3ria na pr\u00f3xima rodada, passa o Brasil.<br \/>\nA CBF anunciou, na manh\u00e3 desta segunda-feira, amistoso entre Brasil e Inglaterra, no est\u00e1dio de Wembley, em Londres. O duelo acontecer\u00e1 no dia 23 de mar\u00e7o de 2024, tr\u00eas dias antes do confronto j\u00e1 anunciado da sele\u00e7\u00e3o brasileira contra a Espanha.<br \/>\nEsta ser\u00e1 a primeira vez que a sele\u00e7\u00e3o inglesa joga contra um advers\u00e1rio sul-americano nos \u00faltimos seis anos. O \u00faltimo encontro foi num empate sem gols entre Inglaterra e Brasil em 2017.<br \/>\nEstes ser\u00e3o os dois primeiros compromissos da sele\u00e7\u00e3o brasileira no pr\u00f3ximo ano. No in\u00edcio de junho, haver\u00e1 uma nova Data Fifa com possibilidades de amistosos de prepara\u00e7\u00e3o para a Copa Am\u00e9rica, que ser\u00e1 disputada entre 20 de junho e 14 de julho.<\/p>\n","protected":false},"excerpt":{"rendered":"<p>Fernando Diniz convocou nesta segunda-feira, a sele\u00e7\u00e3o brasileira para os dois pr\u00f3ximos jogos das Eliminat\u00f3rias da Copa do Mundo, contra a Col\u00f4mbia e Argentina, neste m\u00eas de novembro.Uma novidade na lista \u00e9 o retorno depois de dois anos de Douglas Luiz. Meio-campista do Aston Villa n\u00e3o era chamado desde o vice da Copa Am\u00e9rica de [&hellip;]<\/p>\n","protected":false},"author":2,"featured_media":490,"comment_status":"open","ping_status":"open","sticky":false,"template":"","format":"standard","meta":{"footnotes":""},"categories":[45],"tags":[],"_links":{"self":[{"href":"https:\/\/sabuguinho.com.br\/site\/wp-json\/wp\/v2\/posts\/489"}],"collection":[{"href":"https:\/\/sabuguinho.com.br\/site\/wp-json\/wp\/v2\/posts"}],"about":[{"href":"https:\/\/sabuguinho.com.br\/site\/wp-json\/wp\/v2\/types\/post"}],"author":[{"embeddable":true,"href":"https:\/\/sabuguinho.com.br\/site\/wp-json\/wp\/v2\/users\/2"}],"replies":[{"embeddable":true,"href":"https:\/\/sabuguinho.com.br\/site\/wp-json\/wp\/v2\/comments?post=489"}],"version-history":[{"count":1,"href":"https:\/\/sabuguinho.com.br\/site\/wp-json\/wp\/v2\/posts\/489\/revisions"}],"predecessor-version":[{"id":491,"href":"https:\/\/sabuguinho.com.br\/site\/wp-json\/wp\/v2\/posts\/489\/revisions\/491"}],"wp:featuredmedia":[{"embeddable":true,"href":"https:\/\/sabuguinho.com.br\/site\/wp-json\/wp\/v2\/media\/490"}],"wp:attachment":[{"href":"https:\/\/sabuguinho.com.br\/site\/wp-json\/wp\/v2\/media?parent=489"}],"wp:term":[{"taxonomy":"category","embeddable":true,"href":"https:\/\/sabuguinho.com.br\/site\/wp-json\/wp\/v2\/categories?post=489"},{"taxonomy":"post_tag","embeddable":true,"href":"https:\/\/sabuguinho.com.br\/site\/wp-json\/wp\/v2\/tags?post=489"}],"curies":[{"name":"wp","href":"https:\/\/api.w.org\/{rel}","templated":true}]}}