{"id":4887,"date":"2024-03-18T16:47:32","date_gmt":"2024-03-18T19:47:32","guid":{"rendered":"https:\/\/sabuguinho.com.br\/site\/?p=4887"},"modified":"2024-03-18T16:47:32","modified_gmt":"2024-03-18T19:47:32","slug":"sede-do-projeto-flanelinha-e-inaugurada-com-a-presenca-da-deputada-federal-simone-marquetto-e-do-prefeito-jeferson-brun-em-itapetininga","status":"publish","type":"post","link":"https:\/\/sabuguinho.com.br\/site\/sede-do-projeto-flanelinha-e-inaugurada-com-a-presenca-da-deputada-federal-simone-marquetto-e-do-prefeito-jeferson-brun-em-itapetininga\/","title":{"rendered":"Sede do Projeto Flanelinha \u00e9 inaugurada com a presen\u00e7a da deputada federal Simone Marquetto e do prefeito Jeferson Brun em Itapetininga"},"content":{"rendered":"<p>Com o objetivo em promover o desenvolvimento educacional e social por meio de atividades que estimulem a autonomia individual, conv\u00edvio social e o fortalecimento dos v\u00ednculos familiares com base na solidariedade e nos respeito m\u00fatuo, foi entregue para Itapetininga, nesta segunda-feira, dia 18, a sede do Projeto Flanelinha, no Jardim Brasil.<br \/>\nA deputada federal Simone Marquetto (MDB-SP), que fez a indica\u00e7\u00e3o de emenda parlamentar no valor de R$ 100.000,00, participou do evento, ao lado do prefeito Jeferson Brun e destacou a import\u00e2ncia de um projeto como esse.<br \/>\n\u201cA semana de trabalho come\u00e7ou na inaugura\u00e7\u00e3o da nova sede do Projeto Flanelinha. Em mar\u00e7o de 2019, enquanto Prefeita de Itapetininga, assumi o compromisso com o Instituto Gera\u00e7\u00e3o de fazer a cess\u00e3o de \u00e1rea da prefeitura para que fosse constru\u00edda a sede deste projeto t\u00e3o lindo que atende os jovens e os prepara profissionalmente. Na \u00e9poca, pedi ao vereador Etson Brun que cuidasse de tudo. Hoje, participar ao lado dele, dos vereadores da nossa cidade e do prefeito, Jeferson Brun, que d\u00e1 continuidade ao nosso trabalho, foi muito especial\u201d, salientou a deputada federal Simone Marquetto.<br \/>\nA parlamentar completou. \u201cComo sempre digo aos jovens, nossas vidas s\u00e3o feitas de escolhas! Ent\u00e3o, enquanto poder p\u00fablico, vou sempre trabalhar para terem mais oportunidades, para fazerem a escolha de um caminho do bem\u201d, disse.<\/p>\n","protected":false},"excerpt":{"rendered":"<p>Com o objetivo em promover o desenvolvimento educacional e social por meio de atividades que estimulem a autonomia individual, conv\u00edvio social e o fortalecimento dos v\u00ednculos familiares com base na solidariedade e nos respeito m\u00fatuo, foi entregue para Itapetininga, nesta segunda-feira, dia 18, a sede do Projeto Flanelinha, no Jardim Brasil. A deputada federal Simone [&hellip;]<\/p>\n","protected":false},"author":2,"featured_media":4888,"comment_status":"open","ping_status":"open","sticky":false,"template":"","format":"standard","meta":{"footnotes":""},"categories":[51],"tags":[],"class_list":["post-4887","post","type-post","status-publish","format-standard","has-post-thumbnail","hentry","category-noticias-regionais"],"_links":{"self":[{"href":"https:\/\/sabuguinho.com.br\/site\/wp-json\/wp\/v2\/posts\/4887","targetHints":{"allow":["GET"]}}],"collection":[{"href":"https:\/\/sabuguinho.com.br\/site\/wp-json\/wp\/v2\/posts"}],"about":[{"href":"https:\/\/sabuguinho.com.br\/site\/wp-json\/wp\/v2\/types\/post"}],"author":[{"embeddable":true,"href":"https:\/\/sabuguinho.com.br\/site\/wp-json\/wp\/v2\/users\/2"}],"replies":[{"embeddable":true,"href":"https:\/\/sabuguinho.com.br\/site\/wp-json\/wp\/v2\/comments?post=4887"}],"version-history":[{"count":1,"href":"https:\/\/sabuguinho.com.br\/site\/wp-json\/wp\/v2\/posts\/4887\/revisions"}],"predecessor-version":[{"id":4889,"href":"https:\/\/sabuguinho.com.br\/site\/wp-json\/wp\/v2\/posts\/4887\/revisions\/4889"}],"wp:featuredmedia":[{"embeddable":true,"href":"https:\/\/sabuguinho.com.br\/site\/wp-json\/wp\/v2\/media\/4888"}],"wp:attachment":[{"href":"https:\/\/sabuguinho.com.br\/site\/wp-json\/wp\/v2\/media?parent=4887"}],"wp:term":[{"taxonomy":"category","embeddable":true,"href":"https:\/\/sabuguinho.com.br\/site\/wp-json\/wp\/v2\/categories?post=4887"},{"taxonomy":"post_tag","embeddable":true,"href":"https:\/\/sabuguinho.com.br\/site\/wp-json\/wp\/v2\/tags?post=4887"}],"curies":[{"name":"wp","href":"https:\/\/api.w.org\/{rel}","templated":true}]}}