{"id":4879,"date":"2024-03-18T15:06:59","date_gmt":"2024-03-18T18:06:59","guid":{"rendered":"https:\/\/sabuguinho.com.br\/site\/?p=4879"},"modified":"2024-03-18T15:06:59","modified_gmt":"2024-03-18T18:06:59","slug":"luan-santana-maiara-e-maraisa-e-israel-e-rodolffo-sao-atracoes-da-1a-feap-em-paranapanema","status":"publish","type":"post","link":"https:\/\/sabuguinho.com.br\/site\/luan-santana-maiara-e-maraisa-e-israel-e-rodolffo-sao-atracoes-da-1a-feap-em-paranapanema\/","title":{"rendered":"LUAN SANTANA, MAIARA E MARA\u00cdSA E ISRAEL E RODOLFFO S\u00c3O ATRA\u00c7\u00d5ES DA 1\u00aa FEAP EM PARANAPANEMA"},"content":{"rendered":"<p>O cantor Luan Santana e as duplas Maiara e Mara\u00edsa e Israel e Rodolffo s\u00e3o algumas das atra\u00e7\u00f5es confirmadas para a primeira edi\u00e7\u00e3o da Feira e Exposi\u00e7\u00e3o Agropecu\u00e1ria de Paranapanema (Feap), que ser\u00e1 realizada em abril. A entrada \u00e9 gratuita.<br \/>\nA festa ter\u00e1 pra\u00e7a de alimenta\u00e7\u00e3o, rodeio, coroa\u00e7\u00e3o da rainha do rodeio e diversas apresenta\u00e7\u00f5es de artistas locais e nacionais, entre os dias 18 e 21 de abril (veja a programa\u00e7\u00e3o completa abaixo).<\/p>\n<p>O evento ser\u00e1 realizado no espa\u00e7o Galp\u00e3o Eventos, localizado no bairro Fazenda Velha. A compra de camarotes deve ser solicitada pelo n\u00famero (14) 99123-1728.<\/p>\n<p>Programa\u00e7\u00e3o<\/p>\n<p>18\/04 (quinta-feira)<\/p>\n<p>Show de Anderson e Murillo;<\/p>\n<p>Show de Anah Nakamura;<\/p>\n<p>Show de Luan Santana<\/p>\n<p>19\/04 (sexta-feira)<\/p>\n<p>Show de Juninho Ribeiro;<\/p>\n<p>Show de Rhuan Luccas e Luiz;<\/p>\n<p>Show de Maiara e Mara\u00edsa;<\/p>\n<p>Show de Thaeme &#038; Thiago.<\/p>\n<p>20\/04 (s\u00e1bado)<\/p>\n<p>Show do grupo Fui Sambar;<\/p>\n<p>Show de Paulo Victor;<\/p>\n<p>Show de Fernando Gaiteiro e banda;<\/p>\n<p>Show de Bruno &#038; Marrone.<\/p>\n<p>21\/04 (domingo)<\/p>\n<p>Show de Marco e T\u00falio Cuiabano;<\/p>\n<p>Show de Gabi Amaral;<\/p>\n<p>Show de Israel e Rodolffo;<\/p>\n<p>Show de Traia Veia.<\/p>\n","protected":false},"excerpt":{"rendered":"<p>O cantor Luan Santana e as duplas Maiara e Mara\u00edsa e Israel e Rodolffo s\u00e3o algumas das atra\u00e7\u00f5es confirmadas para a primeira edi\u00e7\u00e3o da Feira e Exposi\u00e7\u00e3o Agropecu\u00e1ria de Paranapanema (Feap), que ser\u00e1 realizada em abril. A entrada \u00e9 gratuita. A festa ter\u00e1 pra\u00e7a de alimenta\u00e7\u00e3o, rodeio, coroa\u00e7\u00e3o da rainha do rodeio e diversas apresenta\u00e7\u00f5es [&hellip;]<\/p>\n","protected":false},"author":2,"featured_media":4880,"comment_status":"open","ping_status":"open","sticky":false,"template":"","format":"standard","meta":{"footnotes":""},"categories":[51],"tags":[],"class_list":["post-4879","post","type-post","status-publish","format-standard","has-post-thumbnail","hentry","category-noticias-regionais"],"_links":{"self":[{"href":"https:\/\/sabuguinho.com.br\/site\/wp-json\/wp\/v2\/posts\/4879","targetHints":{"allow":["GET"]}}],"collection":[{"href":"https:\/\/sabuguinho.com.br\/site\/wp-json\/wp\/v2\/posts"}],"about":[{"href":"https:\/\/sabuguinho.com.br\/site\/wp-json\/wp\/v2\/types\/post"}],"author":[{"embeddable":true,"href":"https:\/\/sabuguinho.com.br\/site\/wp-json\/wp\/v2\/users\/2"}],"replies":[{"embeddable":true,"href":"https:\/\/sabuguinho.com.br\/site\/wp-json\/wp\/v2\/comments?post=4879"}],"version-history":[{"count":1,"href":"https:\/\/sabuguinho.com.br\/site\/wp-json\/wp\/v2\/posts\/4879\/revisions"}],"predecessor-version":[{"id":4881,"href":"https:\/\/sabuguinho.com.br\/site\/wp-json\/wp\/v2\/posts\/4879\/revisions\/4881"}],"wp:featuredmedia":[{"embeddable":true,"href":"https:\/\/sabuguinho.com.br\/site\/wp-json\/wp\/v2\/media\/4880"}],"wp:attachment":[{"href":"https:\/\/sabuguinho.com.br\/site\/wp-json\/wp\/v2\/media?parent=4879"}],"wp:term":[{"taxonomy":"category","embeddable":true,"href":"https:\/\/sabuguinho.com.br\/site\/wp-json\/wp\/v2\/categories?post=4879"},{"taxonomy":"post_tag","embeddable":true,"href":"https:\/\/sabuguinho.com.br\/site\/wp-json\/wp\/v2\/tags?post=4879"}],"curies":[{"name":"wp","href":"https:\/\/api.w.org\/{rel}","templated":true}]}}