{"id":4874,"date":"2024-03-18T13:26:10","date_gmt":"2024-03-18T16:26:10","guid":{"rendered":"https:\/\/sabuguinho.com.br\/site\/?p=4874"},"modified":"2024-03-18T13:26:10","modified_gmt":"2024-03-18T16:26:10","slug":"saude-descredenciamento-da-oncologia-de-avare-atende-a-determinacao-federal","status":"publish","type":"post","link":"https:\/\/sabuguinho.com.br\/site\/saude-descredenciamento-da-oncologia-de-avare-atende-a-determinacao-federal\/","title":{"rendered":"SA\u00daDE &#8211;  Descredenciamento da oncologia de Avar\u00e9 atende \u00e0 determina\u00e7\u00e3o federal"},"content":{"rendered":"<p>Secretaria Municipal da Sa\u00fade esclarece que munic\u00edpio n\u00e3o tem poder para decidir unilateralmente sobre manuten\u00e7\u00e3o do servi\u00e7o especializado prestado pela Santa Cas<\/p>\n<p>O descredenciamento da Unidade de Alta Complexidade em Oncologia (UNACOM) da Santa Casa de Miseric\u00f3rdia de Avar\u00e9 atende a uma determina\u00e7\u00e3o federal<br \/>\nPor ser um processo vertical, o munic\u00edpio n\u00e3o tem mecanismos para decidir unilateralmente sobre a manuten\u00e7\u00e3o ou n\u00e3o do servi\u00e7o especializado<br \/>\nO esclarecimento \u00e9 da Secretaria Municipal da Sa\u00fade. O processo de descredenciamento da UNACOM de Avar\u00e9, que atende pacientes de 17 cidades que comp\u00f5e a Regional Vale do Jurumirim, vem gerando repercuss\u00e3o desde que a possibilidade veio \u00e0 tona.<\/p>\n<p>Entenda o caso<\/p>\n<p>O servi\u00e7o de oncologia da Santa Casa ficou inviabilizado depois que o Minist\u00e9rio da Sa\u00fade introduziu novas regras por meio da Portaria N\u00ba 140 editada em 2014.<br \/>\nA norma determina, por exemplo, que a popula\u00e7\u00e3o da regi\u00e3o credenciada deve somar 500 mil habitantes. Atualmente, a popula\u00e7\u00e3o estimada das 17 cidades da regional de Avar\u00e9 contabiliza aproximadamente 280 mil pessoas, informa a Sa\u00fade.<br \/>\nOutra exig\u00eancia \u00e9 o registro de, no m\u00ednimo, 900 novos casos de c\u00e2ncer por ano na regi\u00e3o e a realiza\u00e7\u00e3o de 500 consultas e exames por m\u00eas, n\u00fameros que tamb\u00e9m n\u00e3o foram atingidos no Vale do Jurumirim. A t\u00edtulo de compara\u00e7\u00e3o: em 2016, a UNACOM de Avar\u00e9 somou apenas 194 procedimentos.<br \/>\n\u201cEm resumo: segundo a Portaria 140\/14, n\u00e3o h\u00e1 volume de casos, consultas e exames que justifiquem a manuten\u00e7\u00e3o da UNACON de Avar\u00e9\u201d, explica a pasta.<br \/>\nAl\u00e9m de tecnicamente invi\u00e1vel, o servi\u00e7o especializado prestado na Santa Casa tamb\u00e9m n\u00e3o conseguiu se viabilizar economicamente<br \/>\nEm 2023, o munic\u00edpio recebeu R$ 845.360,24 mil para seu custeio. \u201cConsiderando que se trata de um servi\u00e7o de alta complexidade, o valor \u00e9 infinitamente inferior aos custos para a manuten\u00e7\u00e3o das obriga\u00e7\u00f5es e para presta\u00e7\u00e3o de um servi\u00e7o de excel\u00eancia\u201d, continua a Sa\u00fade.<\/p>\n<p>Mobiliza\u00e7\u00e3o<\/p>\n<p>Ap\u00f3s a edi\u00e7\u00e3o da Portaria 140\/14, secretarias municipais da Sa\u00fade, entidades e associa\u00e7\u00f5es beneficentes que prestam atendimento a pacientes oncol\u00f3gicos passaram a debater sobre quais estabelecimentos poderiam se adequar \u00e0 norma em tempo h\u00e1bil<br \/>\nA mobiliza\u00e7\u00e3o incluiu gest\u00f5es junto ao Departamento Regional de Sa\u00fade VI de Bauru, \u00f3rg\u00e3o ligado ao Governo Estadual, e reuni\u00f5es da Comiss\u00e3o Interegestora Regional (CIR).<br \/>\nApesar do esfor\u00e7o em conjunto, a portaria que autorizava a presta\u00e7\u00e3o do servi\u00e7o especializado de oncologia pela Santa Casa de Avar\u00e9 foi revogada assim que o prazo para adequa\u00e7\u00e3o terminou.<\/p>\n<p>Como ficam os pacientes<\/p>\n<p>At\u00e9 que todo o processo de descredenciamento seja conclu\u00eddo pelo Minist\u00e9rio da Sa\u00fade, os pacientes cadastrados continuar\u00e3o sendo atendidos pela Santa Casa de Avar\u00e9.<br \/>\nOs novos casos, por\u00e9m, ser\u00e3o direcionados para o Hospital das Cl\u00ednicas de Botucatu e para o Hospital Amaral Carvalho, unidades que s\u00e3o refer\u00eancia para cidades do Vale do Jurumirim.<br \/>\n\u201c\u00c9 importante enfatizar que os pacientes atualmente em tratamento j\u00e1 est\u00e3o migrando para a UNESP de Botucatu\u201d, conclui a pasta.<\/p>\n","protected":false},"excerpt":{"rendered":"<p>Secretaria Municipal da Sa\u00fade esclarece que munic\u00edpio n\u00e3o tem poder para decidir unilateralmente sobre manuten\u00e7\u00e3o do servi\u00e7o especializado prestado pela Santa Cas O descredenciamento da Unidade de Alta Complexidade em Oncologia (UNACOM) da Santa Casa de Miseric\u00f3rdia de Avar\u00e9 atende a uma determina\u00e7\u00e3o federal Por ser um processo vertical, o munic\u00edpio n\u00e3o tem mecanismos para [&hellip;]<\/p>\n","protected":false},"author":2,"featured_media":4875,"comment_status":"open","ping_status":"open","sticky":false,"template":"","format":"standard","meta":{"footnotes":""},"categories":[58],"tags":[],"class_list":["post-4874","post","type-post","status-publish","format-standard","has-post-thumbnail","hentry","category-noticias-locais"],"_links":{"self":[{"href":"https:\/\/sabuguinho.com.br\/site\/wp-json\/wp\/v2\/posts\/4874","targetHints":{"allow":["GET"]}}],"collection":[{"href":"https:\/\/sabuguinho.com.br\/site\/wp-json\/wp\/v2\/posts"}],"about":[{"href":"https:\/\/sabuguinho.com.br\/site\/wp-json\/wp\/v2\/types\/post"}],"author":[{"embeddable":true,"href":"https:\/\/sabuguinho.com.br\/site\/wp-json\/wp\/v2\/users\/2"}],"replies":[{"embeddable":true,"href":"https:\/\/sabuguinho.com.br\/site\/wp-json\/wp\/v2\/comments?post=4874"}],"version-history":[{"count":1,"href":"https:\/\/sabuguinho.com.br\/site\/wp-json\/wp\/v2\/posts\/4874\/revisions"}],"predecessor-version":[{"id":4876,"href":"https:\/\/sabuguinho.com.br\/site\/wp-json\/wp\/v2\/posts\/4874\/revisions\/4876"}],"wp:featuredmedia":[{"embeddable":true,"href":"https:\/\/sabuguinho.com.br\/site\/wp-json\/wp\/v2\/media\/4875"}],"wp:attachment":[{"href":"https:\/\/sabuguinho.com.br\/site\/wp-json\/wp\/v2\/media?parent=4874"}],"wp:term":[{"taxonomy":"category","embeddable":true,"href":"https:\/\/sabuguinho.com.br\/site\/wp-json\/wp\/v2\/categories?post=4874"},{"taxonomy":"post_tag","embeddable":true,"href":"https:\/\/sabuguinho.com.br\/site\/wp-json\/wp\/v2\/tags?post=4874"}],"curies":[{"name":"wp","href":"https:\/\/api.w.org\/{rel}","templated":true}]}}