{"id":484,"date":"2023-11-06T12:34:38","date_gmt":"2023-11-06T15:34:38","guid":{"rendered":"https:\/\/sabuguinho.com.br\/site\/?p=484"},"modified":"2023-11-06T12:34:38","modified_gmt":"2023-11-06T15:34:38","slug":"direitos-da-pessoa-com-deficiencia-feira-da-fatec-disponibiliza-atividades-para-pessoas-com-cegueira","status":"publish","type":"post","link":"https:\/\/sabuguinho.com.br\/site\/direitos-da-pessoa-com-deficiencia-feira-da-fatec-disponibiliza-atividades-para-pessoas-com-cegueira\/","title":{"rendered":"DIREITOS DA PESSOA COM DEFICI\u00caNCIA &#8211; Feira da FATEC disponibiliza atividades para pessoas com cegueira"},"content":{"rendered":"<p>Assistidos pela Secretaria Especial dos Direitos da Pessoa com Defici\u00eancia participaram do evento no \u00faltimo dia 26<\/p>\n<p>Integrantes do Projeto &#8220;Redescobrindo um Novo Olhar&#8221; estiveram na Feira de Ci\u00eancias e Tecnologia (FACETEC) promovida pela ETEC \u201cProfessor Fausto Mazzola\u201d de Avar\u00e9.<br \/>\nFormado por pessoas com cegueira, o grupo assistido pela Secretaria Especial dos Direitos da Pessoa com Defici\u00eancia (SEDPD) participou de atividades sensoriais adaptadas que inclu\u00edram estruturas moleculares e quadros de Salvador Dal\u00ed e Van Gogh.<br \/>\nA atividade foi realizada no \u00faltimo dia 26. Um aluno da ETEC que tem defici\u00eancia visual orientou os visitantes sobre tecnologias assistivas e materiais did\u00e1ticos para pessoas com cegueira.<br \/>\nRealizada entre 14 e 26 de outubro, a FACETEC recebeu escolas e institui\u00e7\u00f5es de ensino de Avar\u00e9 e regi\u00e3o.<br \/>\nA proposta da feira \u00e9 apresentar projetos desenvolvidos a partir de conte\u00fados aprendidos em sala de aula em disciplinas e cursos t\u00e9cnicos da FATEC.<\/p>\n<p><img loading=\"lazy\" decoding=\"async\" src=\"https:\/\/sabuguinho.com.br\/site\/wp-content\/uploads\/2023\/11\/Direitos-da-Pessoa-com-Deficiencia-feira-ETEC-150x84.jpg\" alt=\"\" width=\"150\" height=\"84\" class=\"alignnone size-medium wp-image-485\" srcset=\"https:\/\/sabuguinho.com.br\/site\/wp-content\/uploads\/2023\/11\/Direitos-da-Pessoa-com-Deficiencia-feira-ETEC-150x84.jpg 150w, https:\/\/sabuguinho.com.br\/site\/wp-content\/uploads\/2023\/11\/Direitos-da-Pessoa-com-Deficiencia-feira-ETEC-512x288.jpg 512w, https:\/\/sabuguinho.com.br\/site\/wp-content\/uploads\/2023\/11\/Direitos-da-Pessoa-com-Deficiencia-feira-ETEC-768x432.jpg 768w, https:\/\/sabuguinho.com.br\/site\/wp-content\/uploads\/2023\/11\/Direitos-da-Pessoa-com-Deficiencia-feira-ETEC-750x422.jpg 750w, https:\/\/sabuguinho.com.br\/site\/wp-content\/uploads\/2023\/11\/Direitos-da-Pessoa-com-Deficiencia-feira-ETEC-1140x641.jpg 1140w, https:\/\/sabuguinho.com.br\/site\/wp-content\/uploads\/2023\/11\/Direitos-da-Pessoa-com-Deficiencia-feira-ETEC.jpg 1280w\" sizes=\"(max-width: 150px) 100vw, 150px\" \/><\/p>\n","protected":false},"excerpt":{"rendered":"<p>Assistidos pela Secretaria Especial dos Direitos da Pessoa com Defici\u00eancia participaram do evento no \u00faltimo dia 26 Integrantes do Projeto &#8220;Redescobrindo um Novo Olhar&#8221; estiveram na Feira de Ci\u00eancias e Tecnologia (FACETEC) promovida pela ETEC \u201cProfessor Fausto Mazzola\u201d de Avar\u00e9. Formado por pessoas com cegueira, o grupo assistido pela Secretaria Especial dos Direitos da Pessoa [&hellip;]<\/p>\n","protected":false},"author":2,"featured_media":486,"comment_status":"open","ping_status":"open","sticky":false,"template":"","format":"standard","meta":{"footnotes":""},"categories":[58],"tags":[],"_links":{"self":[{"href":"https:\/\/sabuguinho.com.br\/site\/wp-json\/wp\/v2\/posts\/484"}],"collection":[{"href":"https:\/\/sabuguinho.com.br\/site\/wp-json\/wp\/v2\/posts"}],"about":[{"href":"https:\/\/sabuguinho.com.br\/site\/wp-json\/wp\/v2\/types\/post"}],"author":[{"embeddable":true,"href":"https:\/\/sabuguinho.com.br\/site\/wp-json\/wp\/v2\/users\/2"}],"replies":[{"embeddable":true,"href":"https:\/\/sabuguinho.com.br\/site\/wp-json\/wp\/v2\/comments?post=484"}],"version-history":[{"count":1,"href":"https:\/\/sabuguinho.com.br\/site\/wp-json\/wp\/v2\/posts\/484\/revisions"}],"predecessor-version":[{"id":487,"href":"https:\/\/sabuguinho.com.br\/site\/wp-json\/wp\/v2\/posts\/484\/revisions\/487"}],"wp:featuredmedia":[{"embeddable":true,"href":"https:\/\/sabuguinho.com.br\/site\/wp-json\/wp\/v2\/media\/486"}],"wp:attachment":[{"href":"https:\/\/sabuguinho.com.br\/site\/wp-json\/wp\/v2\/media?parent=484"}],"wp:term":[{"taxonomy":"category","embeddable":true,"href":"https:\/\/sabuguinho.com.br\/site\/wp-json\/wp\/v2\/categories?post=484"},{"taxonomy":"post_tag","embeddable":true,"href":"https:\/\/sabuguinho.com.br\/site\/wp-json\/wp\/v2\/tags?post=484"}],"curies":[{"name":"wp","href":"https:\/\/api.w.org\/{rel}","templated":true}]}}