{"id":478,"date":"2023-11-06T12:08:35","date_gmt":"2023-11-06T15:08:35","guid":{"rendered":"https:\/\/sabuguinho.com.br\/site\/?p=478"},"modified":"2023-11-06T12:08:35","modified_gmt":"2023-11-06T15:08:35","slug":"confira-a-classificacao-provisoria-do-processo-seletivo-para-estagio-da-camara","status":"publish","type":"post","link":"https:\/\/sabuguinho.com.br\/site\/confira-a-classificacao-provisoria-do-processo-seletivo-para-estagio-da-camara\/","title":{"rendered":"CONFIRA A CLASSIFICA\u00c7\u00c3O PROVIS\u00d3RIA DO PROCESSO SELETIVO PARA EST\u00c1GIO DA C\u00c2MARA"},"content":{"rendered":"<p>DA ASSESSORIA<\/p>\n<p>Desde o \u00faltimo dia 30 de outubro j\u00e1 se encontra dispon\u00edvel a classifica\u00e7\u00e3o provis\u00f3ria do processo seletivo para est\u00e1gio da C\u00e2mara de Vereadores da Est\u00e2ncia Tur\u00edstica de Avar\u00e9, certame realizado no per\u00edodo de 21 de setembro a 9 de outubro de forma online para os candidatos.<br \/>\nForam 15 classificados ao todo em tr\u00eas \u00e1reas: Publicidade e Propaganda (1); Direito (10); An\u00e1lise e Desenvolvimento de Sistemas (4).<br \/>\nA publica\u00e7\u00e3o da lista de classifica\u00e7\u00e3o definitiva ser\u00e1 feita em 08 de novembro, quarta-feira, e ap\u00f3s a publica\u00e7\u00e3o da classifica\u00e7\u00e3o definitiva o(a) candidato(a) dever\u00e1 providenciar a documenta\u00e7\u00e3o prevista no edital para agilizar o processo de contrata\u00e7\u00e3o e convoca\u00e7\u00e3o.<\/p>\n<p>Veja a lista no link<\/p>\n<p>https:\/\/camaraavare.sp.gov.br\/editais\/classificacaoprovisoria_ciee2023.pdf<\/p>\n<p>Acompanhe todas as publica\u00e7\u00f5es do processo seletivo no link abaixo:<\/p>\n<blockquote class=\"wp-embedded-content\" data-secret=\"vzWppUbo9d\"><p><a href=\"https:\/\/camaraavare.sp.gov.br\/atividades\/index.php\/2023\/09\/14\/processo-seletivo-ciee-2023\/\">Processo Seletivo CIEE 2023<\/a><\/p><\/blockquote>\n<p><iframe class=\"wp-embedded-content\" sandbox=\"allow-scripts\" security=\"restricted\" style=\"position: absolute; clip: rect(1px, 1px, 1px, 1px);\" title=\"&#8220;Processo Seletivo CIEE 2023&#8221; &#8212; Atividades do Legislativo\" src=\"https:\/\/camaraavare.sp.gov.br\/atividades\/index.php\/2023\/09\/14\/processo-seletivo-ciee-2023\/embed\/#?secret=x5vqt0T2Qq#?secret=vzWppUbo9d\" data-secret=\"vzWppUbo9d\" width=\"500\" height=\"282\" frameborder=\"0\" marginwidth=\"0\" marginheight=\"0\" scrolling=\"no\"><\/iframe><\/p>\n<p>legenda: Publica\u00e7\u00e3o da lista de classifica\u00e7\u00e3o definitiva ser\u00e1 feita em 08 de novembro<\/p>\n<p>FONTE DA FOTO: ASSESSORIA<\/p>\n","protected":false},"excerpt":{"rendered":"<p>DA ASSESSORIA Desde o \u00faltimo dia 30 de outubro j\u00e1 se encontra dispon\u00edvel a classifica\u00e7\u00e3o provis\u00f3ria do processo seletivo para est\u00e1gio da C\u00e2mara de Vereadores da Est\u00e2ncia Tur\u00edstica de Avar\u00e9, certame realizado no per\u00edodo de 21 de setembro a 9 de outubro de forma online para os candidatos. Foram 15 classificados ao todo em tr\u00eas [&hellip;]<\/p>\n","protected":false},"author":2,"featured_media":479,"comment_status":"open","ping_status":"open","sticky":false,"template":"","format":"standard","meta":{"footnotes":""},"categories":[58],"tags":[],"_links":{"self":[{"href":"https:\/\/sabuguinho.com.br\/site\/wp-json\/wp\/v2\/posts\/478"}],"collection":[{"href":"https:\/\/sabuguinho.com.br\/site\/wp-json\/wp\/v2\/posts"}],"about":[{"href":"https:\/\/sabuguinho.com.br\/site\/wp-json\/wp\/v2\/types\/post"}],"author":[{"embeddable":true,"href":"https:\/\/sabuguinho.com.br\/site\/wp-json\/wp\/v2\/users\/2"}],"replies":[{"embeddable":true,"href":"https:\/\/sabuguinho.com.br\/site\/wp-json\/wp\/v2\/comments?post=478"}],"version-history":[{"count":1,"href":"https:\/\/sabuguinho.com.br\/site\/wp-json\/wp\/v2\/posts\/478\/revisions"}],"predecessor-version":[{"id":480,"href":"https:\/\/sabuguinho.com.br\/site\/wp-json\/wp\/v2\/posts\/478\/revisions\/480"}],"wp:featuredmedia":[{"embeddable":true,"href":"https:\/\/sabuguinho.com.br\/site\/wp-json\/wp\/v2\/media\/479"}],"wp:attachment":[{"href":"https:\/\/sabuguinho.com.br\/site\/wp-json\/wp\/v2\/media?parent=478"}],"wp:term":[{"taxonomy":"category","embeddable":true,"href":"https:\/\/sabuguinho.com.br\/site\/wp-json\/wp\/v2\/categories?post=478"},{"taxonomy":"post_tag","embeddable":true,"href":"https:\/\/sabuguinho.com.br\/site\/wp-json\/wp\/v2\/tags?post=478"}],"curies":[{"name":"wp","href":"https:\/\/api.w.org\/{rel}","templated":true}]}}