{"id":45936,"date":"2026-05-30T22:22:49","date_gmt":"2026-05-31T01:22:49","guid":{"rendered":"https:\/\/sabuguinho.com.br\/site\/?p=45936"},"modified":"2026-05-30T22:22:49","modified_gmt":"2026-05-31T01:22:49","slug":"morre-aos-73-anos-o-cantor-e-compositor-gilson-do-sucesso-casinha-branca","status":"publish","type":"post","link":"https:\/\/sabuguinho.com.br\/site\/morre-aos-73-anos-o-cantor-e-compositor-gilson-do-sucesso-casinha-branca\/","title":{"rendered":"Morre aos 73 anos o cantor e compositor Gilson, do sucesso &#8216;Casinha Branca&#8217;"},"content":{"rendered":"<p>Morte do artista, nascido em Macau, no Rio Grande do Norte, foi confirmada pela esposa neste s\u00e1bado (30)<\/p>\n<p>Por Carla Neves<\/p>\n<p>O cantor e compositor Gilson Vieira da Silva, do sucesso Casinha Branca, morreu aos 73 anos neste s\u00e1bado (30). A informa\u00e7\u00e3o foi anunciada pela vi\u00fava, a radialista e produtora cultural Giani Carla Aguiar Braga nas redes sociais. &#8220;Gratid\u00e3o, meu marido Gilson Vieira Silva, por tudo. Para sempre em meu cora\u00e7\u00e3o&#8230;&#8221;, postou, sem citar a causa da morte.<br \/>\nNos Stories, ela ainda divulgou detalhes da despedida do marido. O corpo do cantor est\u00e1 sendo velado no distrito de Boa Fam\u00edlia, em Muria\u00e9 (MG) e o enterro dever\u00e1 ocorrer \u00e0s 17h deste s\u00e1bado, na cidade mineira de Mira\u00ed.<br \/>\nNos Stories, ela ainda divulgou detalhes da despedida do marido. O corpo do cantor est\u00e1 sendo velado no distrito de Boa Fam\u00edlia, em Muria\u00e9 (MG) e o enterro dever\u00e1 ocorrer \u00e0s 17h deste s\u00e1bado, na cidade mineira de Mira\u00ed.<\/p>\n","protected":false},"excerpt":{"rendered":"<p>Morte do artista, nascido em Macau, no Rio Grande do Norte, foi confirmada pela esposa neste s\u00e1bado (30) Por Carla Neves O cantor e compositor Gilson Vieira da Silva, do sucesso Casinha Branca, morreu aos 73 anos neste s\u00e1bado (30). A informa\u00e7\u00e3o foi anunciada pela vi\u00fava, a radialista e produtora cultural Giani Carla Aguiar Braga [&hellip;]<\/p>\n","protected":false},"author":2,"featured_media":45939,"comment_status":"open","ping_status":"open","sticky":false,"template":"","format":"standard","meta":{"footnotes":""},"categories":[61],"tags":[],"class_list":["post-45936","post","type-post","status-publish","format-standard","has-post-thumbnail","hentry","category-geral"],"_links":{"self":[{"href":"https:\/\/sabuguinho.com.br\/site\/wp-json\/wp\/v2\/posts\/45936","targetHints":{"allow":["GET"]}}],"collection":[{"href":"https:\/\/sabuguinho.com.br\/site\/wp-json\/wp\/v2\/posts"}],"about":[{"href":"https:\/\/sabuguinho.com.br\/site\/wp-json\/wp\/v2\/types\/post"}],"author":[{"embeddable":true,"href":"https:\/\/sabuguinho.com.br\/site\/wp-json\/wp\/v2\/users\/2"}],"replies":[{"embeddable":true,"href":"https:\/\/sabuguinho.com.br\/site\/wp-json\/wp\/v2\/comments?post=45936"}],"version-history":[{"count":1,"href":"https:\/\/sabuguinho.com.br\/site\/wp-json\/wp\/v2\/posts\/45936\/revisions"}],"predecessor-version":[{"id":45940,"href":"https:\/\/sabuguinho.com.br\/site\/wp-json\/wp\/v2\/posts\/45936\/revisions\/45940"}],"wp:featuredmedia":[{"embeddable":true,"href":"https:\/\/sabuguinho.com.br\/site\/wp-json\/wp\/v2\/media\/45939"}],"wp:attachment":[{"href":"https:\/\/sabuguinho.com.br\/site\/wp-json\/wp\/v2\/media?parent=45936"}],"wp:term":[{"taxonomy":"category","embeddable":true,"href":"https:\/\/sabuguinho.com.br\/site\/wp-json\/wp\/v2\/categories?post=45936"},{"taxonomy":"post_tag","embeddable":true,"href":"https:\/\/sabuguinho.com.br\/site\/wp-json\/wp\/v2\/tags?post=45936"}],"curies":[{"name":"wp","href":"https:\/\/api.w.org\/{rel}","templated":true}]}}