{"id":44892,"date":"2026-04-30T16:51:55","date_gmt":"2026-04-30T19:51:55","guid":{"rendered":"https:\/\/sabuguinho.com.br\/site\/?p=44892"},"modified":"2026-04-30T16:51:55","modified_gmt":"2026-04-30T19:51:55","slug":"ddm-de-avare-realiza-prisao-preventiva-de-investigado-por-estupro-de-vulneravel","status":"publish","type":"post","link":"https:\/\/sabuguinho.com.br\/site\/ddm-de-avare-realiza-prisao-preventiva-de-investigado-por-estupro-de-vulneravel\/","title":{"rendered":"DDM de Avar\u00e9 realiza pris\u00e3o preventiva de investigado por estupro de vulner\u00e1vel"},"content":{"rendered":"<p>A Pol\u00edcia Civil, por meio da Delegacia de Defesa da Mulher (DDM) de Avar\u00e9, cumpriu mandado de pris\u00e3o preventiva em desfavor de um homem de 58 anos, investigado por crimes graves contra vulner\u00e1veis. A captura ocorreu na tarde do dia 29 de abril de 2026, em sua resid\u00eancia localizada no Bairro Bom Sucesso, no munic\u00edpio.<br \/>\nDe acordo com informa\u00e7\u00f5es policiais, a ordem judicial foi expedida no contexto de investiga\u00e7\u00e3o conduzida pela DDM, que apura a pr\u00e1tica de estupro de vulner\u00e1vel e outros delitos correlatos. A medida cautelar foi decretada ap\u00f3s an\u00e1lise dos elementos reunidos no inqu\u00e9rito policial, que apontaram ind\u00edcios suficientes de autoria e materialidade.<br \/>\nConforme apurado durante as investiga\u00e7\u00f5es, os fatos teriam ocorrido no interior de uma resid\u00eancia, onde o investigado, valendo-se de sua condi\u00e7\u00e3o de confian\u00e7a em rela\u00e7\u00e3o \u00e0s v\u00edtimas, ambas crian\u00e7as, teria praticado atos de natureza libidinosa. H\u00e1 ainda relatos de que ele teria incentivado comportamentos inadequados entre os menores e utilizado de viol\u00eancia f\u00edsica para silenci\u00e1-los, circunst\u00e2ncias que agravam a gravidade dos fatos investigados.<br \/>\nA equipe policial se dirigiu at\u00e9 o endere\u00e7o do investigado e realizou a abordagem no local, efetuando a pris\u00e3o sem resist\u00eancia. O indiv\u00edduo foi cientificado do mandado judicial e conduzido \u00e0 unidade policial, onde foram adotadas as provid\u00eancias de praxe.<br \/>\nSegundo consta, o investigado foi localizado em sua resid\u00eancia no momento da a\u00e7\u00e3o policial, sendo imediatamente colocado \u00e0 disposi\u00e7\u00e3o da Justi\u00e7a. A opera\u00e7\u00e3o foi realizada de forma segura e dentro dos protocolos legais estabelecidos.<br \/>\nAs investiga\u00e7\u00f5es tiveram in\u00edcio ap\u00f3s o registro de ocorr\u00eancia envolvendo v\u00edtimas em situa\u00e7\u00e3o de vulnerabilidade, sendo conduzidas com prioridade pela especializada. Durante a apura\u00e7\u00e3o, foram colhidos depoimentos, realizados exames periciais e adotadas diversas dilig\u00eancias com o objetivo de esclarecer os fatos.<br \/>\nAinda conforme o apurado, o mandado de pris\u00e3o estava ativo e foi devidamente cumprido pelos policiais civis, que apresentaram o capturado \u00e0 autoridade competente para as provid\u00eancias legais. O preso permanecer\u00e1 \u00e0 disposi\u00e7\u00e3o da Justi\u00e7a, aguardando audi\u00eancia de cust\u00f3dia.<br \/>\nA Pol\u00edcia Civil refor\u00e7a seu compromisso com a prote\u00e7\u00e3o de v\u00edtimas vulner\u00e1veis e destaca a import\u00e2ncia da den\u00fancia para o enfrentamento de crimes dessa natureza. Casos suspeitos podem ser comunicados \u00e0s autoridades, garantindo o sigilo e a devida apura\u00e7\u00e3o dos fatos.<\/p>\n","protected":false},"excerpt":{"rendered":"<p>A Pol\u00edcia Civil, por meio da Delegacia de Defesa da Mulher (DDM) de Avar\u00e9, cumpriu mandado de pris\u00e3o preventiva em desfavor de um homem de 58 anos, investigado por crimes graves contra vulner\u00e1veis. A captura ocorreu na tarde do dia 29 de abril de 2026, em sua resid\u00eancia localizada no Bairro Bom Sucesso, no munic\u00edpio. [&hellip;]<\/p>\n","protected":false},"author":2,"featured_media":44893,"comment_status":"open","ping_status":"open","sticky":false,"template":"","format":"standard","meta":{"footnotes":""},"categories":[160],"tags":[],"_links":{"self":[{"href":"https:\/\/sabuguinho.com.br\/site\/wp-json\/wp\/v2\/posts\/44892"}],"collection":[{"href":"https:\/\/sabuguinho.com.br\/site\/wp-json\/wp\/v2\/posts"}],"about":[{"href":"https:\/\/sabuguinho.com.br\/site\/wp-json\/wp\/v2\/types\/post"}],"author":[{"embeddable":true,"href":"https:\/\/sabuguinho.com.br\/site\/wp-json\/wp\/v2\/users\/2"}],"replies":[{"embeddable":true,"href":"https:\/\/sabuguinho.com.br\/site\/wp-json\/wp\/v2\/comments?post=44892"}],"version-history":[{"count":1,"href":"https:\/\/sabuguinho.com.br\/site\/wp-json\/wp\/v2\/posts\/44892\/revisions"}],"predecessor-version":[{"id":44894,"href":"https:\/\/sabuguinho.com.br\/site\/wp-json\/wp\/v2\/posts\/44892\/revisions\/44894"}],"wp:featuredmedia":[{"embeddable":true,"href":"https:\/\/sabuguinho.com.br\/site\/wp-json\/wp\/v2\/media\/44893"}],"wp:attachment":[{"href":"https:\/\/sabuguinho.com.br\/site\/wp-json\/wp\/v2\/media?parent=44892"}],"wp:term":[{"taxonomy":"category","embeddable":true,"href":"https:\/\/sabuguinho.com.br\/site\/wp-json\/wp\/v2\/categories?post=44892"},{"taxonomy":"post_tag","embeddable":true,"href":"https:\/\/sabuguinho.com.br\/site\/wp-json\/wp\/v2\/tags?post=44892"}],"curies":[{"name":"wp","href":"https:\/\/api.w.org\/{rel}","templated":true}]}}