{"id":44887,"date":"2026-04-30T15:08:18","date_gmt":"2026-04-30T18:08:18","guid":{"rendered":"https:\/\/sabuguinho.com.br\/site\/?p=44887"},"modified":"2026-04-30T15:08:18","modified_gmt":"2026-04-30T18:08:18","slug":"conta-de-luz-ficara-mais-cara-em-maio-com-bandeira-amarela-anuncia-aneel","status":"publish","type":"post","link":"https:\/\/sabuguinho.com.br\/site\/conta-de-luz-ficara-mais-cara-em-maio-com-bandeira-amarela-anuncia-aneel\/","title":{"rendered":"Conta de luz ficar\u00e1 mais cara em maio com bandeira amarela, anuncia Aneel"},"content":{"rendered":"<p>Mudan\u00e7a anunciada pela Aneel passa a valer em maio e prev\u00ea cobran\u00e7a extra de R$ 1,88 a cada 100 kWh consumidos<\/p>\n<p>A Ag\u00eancia Nacional de Energia El\u00e9trica (Aneel) anunciou nesta quinta-feira (24) que a bandeira tarif\u00e1ria de maio ser\u00e1 amarela, o que significa cobran\u00e7a extra na conta de luz dos consumidores de todo o pa\u00eds atendidos pelo Sistema Interligado Nacional (SIN).<br \/>\nCom a mudan\u00e7a, haver\u00e1 um acr\u00e9scimo de R$ 1,88 a cada 100 kWh consumidos.<br \/>\nSegundo a Aneel, a altera\u00e7\u00e3o ocorre por conta da redu\u00e7\u00e3o das chuvas na transi\u00e7\u00e3o do per\u00edodo chuvoso para o seco, o que diminui a gera\u00e7\u00e3o de energia pelas hidrel\u00e9tricas e exige o acionamento de usinas termel\u00e9tricas, que t\u00eam custo maior.<br \/>\nDesde janeiro, a bandeira tarif\u00e1ria estava verde, sem cobran\u00e7a adicional, devido \u00e0s condi\u00e7\u00f5es favor\u00e1veis de gera\u00e7\u00e3o e ao bom n\u00edvel dos reservat\u00f3rios.<br \/>\nCriado em 2015, o sistema de bandeiras tarif\u00e1rias informa ao consumidor o custo real da gera\u00e7\u00e3o de energia no pa\u00eds. As cores indicam se haver\u00e1 ou n\u00e3o cobran\u00e7a extra na tarifa.<\/p>\n<p>Confira os valores:<\/p>\n<p>\ud83d\udfe2 Bandeira verde: sem cobran\u00e7a adicional<br \/>\n\ud83d\udfe1 Bandeira amarela: acr\u00e9scimo de R$ 1,88 a cada 100 kWh consumidos<br \/>\n\ud83d\udd34 Bandeira vermelha \u2013 Patamar 1: acr\u00e9scimo de R$ 4,46 a cada 100 kWh consumidos<br \/>\n\ud83d\udd34 Bandeira vermelha \u2013 Patamar 2: acr\u00e9scimo de R$ 7,87 a cada 100 kWh consumidos<\/p>\n<p>A Aneel refor\u00e7a que o uso consciente da energia el\u00e9trica pode ajudar a reduzir o impacto no bolso do consumidor.<\/p>\n","protected":false},"excerpt":{"rendered":"<p>Mudan\u00e7a anunciada pela Aneel passa a valer em maio e prev\u00ea cobran\u00e7a extra de R$ 1,88 a cada 100 kWh consumidos A Ag\u00eancia Nacional de Energia El\u00e9trica (Aneel) anunciou nesta quinta-feira (24) que a bandeira tarif\u00e1ria de maio ser\u00e1 amarela, o que significa cobran\u00e7a extra na conta de luz dos consumidores de todo o pa\u00eds [&hellip;]<\/p>\n","protected":false},"author":2,"featured_media":44890,"comment_status":"open","ping_status":"open","sticky":false,"template":"","format":"standard","meta":{"footnotes":""},"categories":[61],"tags":[],"_links":{"self":[{"href":"https:\/\/sabuguinho.com.br\/site\/wp-json\/wp\/v2\/posts\/44887"}],"collection":[{"href":"https:\/\/sabuguinho.com.br\/site\/wp-json\/wp\/v2\/posts"}],"about":[{"href":"https:\/\/sabuguinho.com.br\/site\/wp-json\/wp\/v2\/types\/post"}],"author":[{"embeddable":true,"href":"https:\/\/sabuguinho.com.br\/site\/wp-json\/wp\/v2\/users\/2"}],"replies":[{"embeddable":true,"href":"https:\/\/sabuguinho.com.br\/site\/wp-json\/wp\/v2\/comments?post=44887"}],"version-history":[{"count":1,"href":"https:\/\/sabuguinho.com.br\/site\/wp-json\/wp\/v2\/posts\/44887\/revisions"}],"predecessor-version":[{"id":44891,"href":"https:\/\/sabuguinho.com.br\/site\/wp-json\/wp\/v2\/posts\/44887\/revisions\/44891"}],"wp:featuredmedia":[{"embeddable":true,"href":"https:\/\/sabuguinho.com.br\/site\/wp-json\/wp\/v2\/media\/44890"}],"wp:attachment":[{"href":"https:\/\/sabuguinho.com.br\/site\/wp-json\/wp\/v2\/media?parent=44887"}],"wp:term":[{"taxonomy":"category","embeddable":true,"href":"https:\/\/sabuguinho.com.br\/site\/wp-json\/wp\/v2\/categories?post=44887"},{"taxonomy":"post_tag","embeddable":true,"href":"https:\/\/sabuguinho.com.br\/site\/wp-json\/wp\/v2\/tags?post=44887"}],"curies":[{"name":"wp","href":"https:\/\/api.w.org\/{rel}","templated":true}]}}