{"id":44882,"date":"2026-04-30T13:18:53","date_gmt":"2026-04-30T16:18:53","guid":{"rendered":"https:\/\/sabuguinho.com.br\/site\/?p=44882"},"modified":"2026-04-30T13:18:53","modified_gmt":"2026-04-30T16:18:53","slug":"botucatuense-coronel-salomao-assume-comando-do-policiamento-do-interior-7-da-policia-militar","status":"publish","type":"post","link":"https:\/\/sabuguinho.com.br\/site\/botucatuense-coronel-salomao-assume-comando-do-policiamento-do-interior-7-da-policia-militar\/","title":{"rendered":"Botucatuense, Coronel Salom\u00e3o assume Comando do Policiamento do Interior-7 da Pol\u00edcia Militar"},"content":{"rendered":"<p>Com mais de 30 anos de carreira, o oficial passa a liderar o CPI-7, respons\u00e1vel por 78 munic\u00edpios e mais de 3,3 milh\u00f5es de pessoas na regi\u00e3o.<\/p>\n<p>Um nome de Botucatu passa a ocupar um dos cargos mais relevantes da estrutura da Pol\u00edcia Militar do Estado de S\u00e3o Paulo. O Coronel PM Ricardo Salom\u00e3o foi nomeado, no \u00faltimo dia 29 de abril, como novo Comandante do Policiamento do Interior \u2013 7 (CPI-7), com sede em Sorocaba.<br \/>\nCom uma trajet\u00f3ria de mais de tr\u00eas d\u00e9cadas dedicadas \u00e0 seguran\u00e7a p\u00fablica, Salom\u00e3o construiu grande parte de sua carreira na pr\u00f3pria regi\u00e3o que agora passa a comandar. Dos cerca de 30 anos de servi\u00e7o na corpora\u00e7\u00e3o, aproximadamente 25 foram atuando em unidades ligadas ao CPI-7, o que lhe garante profundo conhecimento operacional e estrat\u00e9gico da \u00e1rea.<br \/>\nNatural de Botucatu, o novo comandante j\u00e1 teve atua\u00e7\u00e3o direta em batalh\u00f5es importantes da regi\u00e3o, como os de Botucatu e Avar\u00e9, al\u00e9m de acompanhar de perto a din\u00e2mica de seguran\u00e7a em diversos munic\u00edpios que integram o comando regional.<\/p>\n<p>Desafio, reconhecimento e vis\u00e3o de comando<\/p>\n<p>Ao assumir o novo posto, o Coronel Salom\u00e3o destacou o sentimento de gratid\u00e3o e responsabilidade diante da miss\u00e3o. \u201cSou grato a Deus, pois Ele tem sido maravilhoso comigo, muito al\u00e9m do que poderia imaginar. Pe\u00e7o diariamente sabedoria e conhecimento para estar \u00e0 frente de uma tropa formada por homens e mulheres abnegados\u201d, afirmou.<br \/>\nA promo\u00e7\u00e3o ao mais alto posto da carreira, segundo ele, representa o reconhecimento de uma trajet\u00f3ria constru\u00edda com dedica\u00e7\u00e3o ao servi\u00e7o p\u00fablico. O comandante tamb\u00e9m fez quest\u00e3o de agradecer \u00e0 alta c\u00fapula da corpora\u00e7\u00e3o pela confian\u00e7a depositada, incluindo a comandante-geral, Glauce Oliveira, e o subcomandante, Kitsuwa.<\/p>\n<p>Liga\u00e7\u00e3o com a regi\u00e3o e desafios<\/p>\n<p>Morador da regi\u00e3o e com hist\u00f3rico consolidado nas unidades locais, Salom\u00e3o destacou que o conhecimento pr\u00e9vio das demandas e particularidades ser\u00e1 essencial para o novo ciclo. \u201cTenho consci\u00eancia da importante miss\u00e3o a mim atribu\u00edda. A regi\u00e3o \u00e9 extensa e bastante diversa, o que exige sensibilidade, planejamento e integra\u00e7\u00e3o para que possamos alcan\u00e7ar resultados efetivos\u201d, pontuou.<br \/>\nEle tamb\u00e9m ressaltou que a diversidade regional, embora represente desafios, deve ser encarada como uma oportunidade de crescimento coletivo.<\/p>\n<p>Fam\u00edlia, valores e compromisso p\u00fablico<\/p>\n<p>Em tom mais pessoal, o comandante tamb\u00e9m destacou o papel da fam\u00edlia em sua trajet\u00f3ria. \u201cSou grato \u00e0 minha fam\u00edlia, em especial \u00e0 minha esposa, por todo apoio e compreens\u00e3o. S\u00e3o meu esteio e porto seguro, principalmente nos momentos de aus\u00eancia e nas situa\u00e7\u00f5es de risco que a miss\u00e3o imp\u00f5e\u201d, declarou.<br \/>\nNo campo institucional, refor\u00e7ou os princ\u00edpios que devem nortear sua gest\u00e3o.\u201cPautarei as a\u00e7\u00f5es de pol\u00edcia pela legalidade, lealdade, isen\u00e7\u00e3o e imparcialidade, sempre buscando a aproxima\u00e7\u00e3o e integra\u00e7\u00e3o com as demais institui\u00e7\u00f5es e com a sociedade\u201d, afirmou.<br \/>\n\u201cContem comigo, contem com a Pol\u00edcia Militar. Estamos aqui para servir e proteger. For\u00e7a e honra, sempre.\u201d<\/p>\n<p>Destaque para Botucatu<\/p>\n<p>A nomea\u00e7\u00e3o refor\u00e7a o protagonismo de Botucatu na forma\u00e7\u00e3o de lideran\u00e7as da seguran\u00e7a p\u00fablica estadual. A ascens\u00e3o de um profissional com ra\u00edzes na cidade para um posto de tamanha relev\u00e2ncia \u00e9 vista como motivo de orgulho local e reconhecimento da capacidade t\u00e9cnica formada na regi\u00e3o.<br \/>\nCom a nova fun\u00e7\u00e3o, o Coronel Ricardo Salom\u00e3o passa a ter papel direto na defini\u00e7\u00e3o de estrat\u00e9gias de policiamento, gest\u00e3o de recursos e articula\u00e7\u00e3o institucional em uma das regi\u00f5es mais importantes do Estado de S\u00e3o Paulo.<\/p>\n","protected":false},"excerpt":{"rendered":"<p>Com mais de 30 anos de carreira, o oficial passa a liderar o CPI-7, respons\u00e1vel por 78 munic\u00edpios e mais de 3,3 milh\u00f5es de pessoas na regi\u00e3o. Um nome de Botucatu passa a ocupar um dos cargos mais relevantes da estrutura da Pol\u00edcia Militar do Estado de S\u00e3o Paulo. O Coronel PM Ricardo Salom\u00e3o foi [&hellip;]<\/p>\n","protected":false},"author":2,"featured_media":44883,"comment_status":"open","ping_status":"open","sticky":false,"template":"","format":"standard","meta":{"footnotes":""},"categories":[168],"tags":[],"_links":{"self":[{"href":"https:\/\/sabuguinho.com.br\/site\/wp-json\/wp\/v2\/posts\/44882"}],"collection":[{"href":"https:\/\/sabuguinho.com.br\/site\/wp-json\/wp\/v2\/posts"}],"about":[{"href":"https:\/\/sabuguinho.com.br\/site\/wp-json\/wp\/v2\/types\/post"}],"author":[{"embeddable":true,"href":"https:\/\/sabuguinho.com.br\/site\/wp-json\/wp\/v2\/users\/2"}],"replies":[{"embeddable":true,"href":"https:\/\/sabuguinho.com.br\/site\/wp-json\/wp\/v2\/comments?post=44882"}],"version-history":[{"count":1,"href":"https:\/\/sabuguinho.com.br\/site\/wp-json\/wp\/v2\/posts\/44882\/revisions"}],"predecessor-version":[{"id":44884,"href":"https:\/\/sabuguinho.com.br\/site\/wp-json\/wp\/v2\/posts\/44882\/revisions\/44884"}],"wp:featuredmedia":[{"embeddable":true,"href":"https:\/\/sabuguinho.com.br\/site\/wp-json\/wp\/v2\/media\/44883"}],"wp:attachment":[{"href":"https:\/\/sabuguinho.com.br\/site\/wp-json\/wp\/v2\/media?parent=44882"}],"wp:term":[{"taxonomy":"category","embeddable":true,"href":"https:\/\/sabuguinho.com.br\/site\/wp-json\/wp\/v2\/categories?post=44882"},{"taxonomy":"post_tag","embeddable":true,"href":"https:\/\/sabuguinho.com.br\/site\/wp-json\/wp\/v2\/tags?post=44882"}],"curies":[{"name":"wp","href":"https:\/\/api.w.org\/{rel}","templated":true}]}}