{"id":44873,"date":"2026-04-30T12:51:31","date_gmt":"2026-04-30T15:51:31","guid":{"rendered":"https:\/\/sabuguinho.com.br\/site\/?p=44873"},"modified":"2026-04-30T12:51:31","modified_gmt":"2026-04-30T15:51:31","slug":"obras-reuniao-com-moradores-e-comerciantes-esclarece-duvidas-sobre-obras-de-combate-a-enchentes","status":"publish","type":"post","link":"https:\/\/sabuguinho.com.br\/site\/obras-reuniao-com-moradores-e-comerciantes-esclarece-duvidas-sobre-obras-de-combate-a-enchentes\/","title":{"rendered":"OBRAS* *Reuni\u00e3o com moradores e comerciantes esclarece d\u00favidas sobre obras de combate a enchentes*"},"content":{"rendered":"<p>Encontro para sanar questionamentos aconteceu na manh\u00e3 de quinta-feira, no audit\u00f3rio da Associa\u00e7\u00e3o Comercial_<\/p>\n<p>Uma reuni\u00e3o realizada na manh\u00e3 de quinta-feira, 30, no audit\u00f3rio da Associa\u00e7\u00e3o Comercial, Industrial e Agropecu\u00e1ria de Avar\u00e9 (ACIA), espa\u00e7o gentilmente cedido pela entidade, esclareceu d\u00favidas de moradores e comerciantes da regi\u00e3o atingida pela primeira etapa das obras de combate as enchentes que ser\u00e3o realizadas no munic\u00edpio.<br \/>\nPara esclarecer as d\u00favidas, estiveram presentes o secret\u00e1rio de Planejamento e Obras Jos\u00e9 dos Santos Callado, o engenheiro civil da Prefeitura de Avar\u00e9 Giovani Antonangelo e o diretor do Departamento de Conv\u00eanios Caio Gerzely, que explicaram cada etapa das obras, que ter\u00e3o in\u00edcio no dia 11 de maio, segunda-feira.<br \/>\nOr\u00e7ado em R$ 12.200 milh\u00f5es, o projeto contempla a implanta\u00e7\u00e3o de drenagem profunda, moderniza\u00e7\u00e3o da infraestrutura vi\u00e1ria e recomposi\u00e7\u00e3o do pavimento.<br \/>\nConquista hist\u00f3rica do munic\u00edpio, a melhoria \u00e9 fruto de conv\u00eanio entre a Prefeitura da Est\u00e2ncia Tur\u00edstica de Avar\u00e9 e o Governo do Estado de S\u00e3o Paulo, por meio da Secretaria de Governo e Rela\u00e7\u00f5es Institucionais.<br \/>\nNesta primeira fase, os trabalhos ser\u00e3o realizados em trechos das ruas Santa Catarina, Rio Grande do Sul, Alagoas e Mato Grosso, locais historicamente atingidos por enchentes que causam transtornos ao com\u00e9rcio, aos moradores e \u00e0 mobilidade urbana.<\/p>\n<p>*WhatsApp exclusivo*<\/p>\n<p>As secretarias de Comunica\u00e7\u00e3o e de Rela\u00e7\u00f5es Institucionais esclareceram que a partir da pr\u00f3xima semana, um n\u00famero de WhatsApp ser\u00e1 disponibilizado para que os moradores e comerciantes que compareceram e os que n\u00e3o puderam estar presentes possam tirar d\u00favidas durante todas as etapas que ser\u00e3o realizadas. <\/p>\n<p>*Redes oficiais*<\/p>\n<p>Al\u00e9m do n\u00famero exclusivo de WhatsApp, todas as etapas, a partir do in\u00edcio das obras, ser\u00e3o informadas por interm\u00e9dio das redes oficiais da Prefeitura da Est\u00e2ncia Tur\u00edstica de Avar\u00e9: www.avare.sp.gov.br (site), www.facebook.com\/prefeituradeavare (Facebook) e www.instagram.com\/prefeituradeavare (Instagram).<br \/>\n.<\/p>\n<p>Legenda<br \/>\nSecret\u00e1rio de Planejamento e Obras Jos\u00e9 dos Santos Callado<\/p>\n<p>2 -Engenheiro civil da Prefeitura de Avar\u00e9 Giovani Antonangelo<br \/>\nDiretor do Departamento de Conv\u00eanios Caio Gerzely<\/p>\n<p><img loading=\"lazy\" decoding=\"async\" src=\"https:\/\/sabuguinho.com.br\/site\/wp-content\/uploads\/2026\/04\/IMG-20260430-WA0087-113x150.jpg\" alt=\"\" width=\"113\" height=\"150\" class=\"alignnone size-medium wp-image-44875\" srcset=\"https:\/\/sabuguinho.com.br\/site\/wp-content\/uploads\/2026\/04\/IMG-20260430-WA0087-113x150.jpg 113w, https:\/\/sabuguinho.com.br\/site\/wp-content\/uploads\/2026\/04\/IMG-20260430-WA0087-384x512.jpg 384w, https:\/\/sabuguinho.com.br\/site\/wp-content\/uploads\/2026\/04\/IMG-20260430-WA0087-768x1024.jpg 768w, https:\/\/sabuguinho.com.br\/site\/wp-content\/uploads\/2026\/04\/IMG-20260430-WA0087-1152x1536.jpg 1152w, https:\/\/sabuguinho.com.br\/site\/wp-content\/uploads\/2026\/04\/IMG-20260430-WA0087-750x1000.jpg 750w, https:\/\/sabuguinho.com.br\/site\/wp-content\/uploads\/2026\/04\/IMG-20260430-WA0087-1140x1520.jpg 1140w, https:\/\/sabuguinho.com.br\/site\/wp-content\/uploads\/2026\/04\/IMG-20260430-WA0087.jpg 1200w\" sizes=\"(max-width: 113px) 100vw, 113px\" \/><\/p>\n<p><img loading=\"lazy\" decoding=\"async\" src=\"https:\/\/sabuguinho.com.br\/site\/wp-content\/uploads\/2026\/04\/IMG-20260430-WA0086-150x113.jpg\" alt=\"\" width=\"150\" height=\"113\" class=\"alignnone size-medium wp-image-44876\" srcset=\"https:\/\/sabuguinho.com.br\/site\/wp-content\/uploads\/2026\/04\/IMG-20260430-WA0086-150x113.jpg 150w, https:\/\/sabuguinho.com.br\/site\/wp-content\/uploads\/2026\/04\/IMG-20260430-WA0086-512x384.jpg 512w, https:\/\/sabuguinho.com.br\/site\/wp-content\/uploads\/2026\/04\/IMG-20260430-WA0086-768x576.jpg 768w, https:\/\/sabuguinho.com.br\/site\/wp-content\/uploads\/2026\/04\/IMG-20260430-WA0086-1536x1152.jpg 1536w, https:\/\/sabuguinho.com.br\/site\/wp-content\/uploads\/2026\/04\/IMG-20260430-WA0086-750x563.jpg 750w, https:\/\/sabuguinho.com.br\/site\/wp-content\/uploads\/2026\/04\/IMG-20260430-WA0086-1140x855.jpg 1140w, https:\/\/sabuguinho.com.br\/site\/wp-content\/uploads\/2026\/04\/IMG-20260430-WA0086.jpg 1600w\" sizes=\"(max-width: 150px) 100vw, 150px\" \/><\/p>\n<p><img loading=\"lazy\" decoding=\"async\" src=\"https:\/\/sabuguinho.com.br\/site\/wp-content\/uploads\/2026\/04\/IMG-20260430-WA0085-113x150.jpg\" alt=\"\" width=\"113\" height=\"150\" class=\"alignnone size-medium wp-image-44877\" srcset=\"https:\/\/sabuguinho.com.br\/site\/wp-content\/uploads\/2026\/04\/IMG-20260430-WA0085-113x150.jpg 113w, https:\/\/sabuguinho.com.br\/site\/wp-content\/uploads\/2026\/04\/IMG-20260430-WA0085-384x512.jpg 384w, https:\/\/sabuguinho.com.br\/site\/wp-content\/uploads\/2026\/04\/IMG-20260430-WA0085-768x1024.jpg 768w, https:\/\/sabuguinho.com.br\/site\/wp-content\/uploads\/2026\/04\/IMG-20260430-WA0085-1152x1536.jpg 1152w, https:\/\/sabuguinho.com.br\/site\/wp-content\/uploads\/2026\/04\/IMG-20260430-WA0085-750x1000.jpg 750w, https:\/\/sabuguinho.com.br\/site\/wp-content\/uploads\/2026\/04\/IMG-20260430-WA0085-1140x1520.jpg 1140w, https:\/\/sabuguinho.com.br\/site\/wp-content\/uploads\/2026\/04\/IMG-20260430-WA0085.jpg 1200w\" sizes=\"(max-width: 113px) 100vw, 113px\" \/><\/p>\n","protected":false},"excerpt":{"rendered":"<p>Encontro para sanar questionamentos aconteceu na manh\u00e3 de quinta-feira, no audit\u00f3rio da Associa\u00e7\u00e3o Comercial_ Uma reuni\u00e3o realizada na manh\u00e3 de quinta-feira, 30, no audit\u00f3rio da Associa\u00e7\u00e3o Comercial, Industrial e Agropecu\u00e1ria de Avar\u00e9 (ACIA), espa\u00e7o gentilmente cedido pela entidade, esclareceu d\u00favidas de moradores e comerciantes da regi\u00e3o atingida pela primeira etapa das obras de combate as [&hellip;]<\/p>\n","protected":false},"author":2,"featured_media":44878,"comment_status":"open","ping_status":"open","sticky":false,"template":"","format":"standard","meta":{"footnotes":""},"categories":[58],"tags":[],"_links":{"self":[{"href":"https:\/\/sabuguinho.com.br\/site\/wp-json\/wp\/v2\/posts\/44873"}],"collection":[{"href":"https:\/\/sabuguinho.com.br\/site\/wp-json\/wp\/v2\/posts"}],"about":[{"href":"https:\/\/sabuguinho.com.br\/site\/wp-json\/wp\/v2\/types\/post"}],"author":[{"embeddable":true,"href":"https:\/\/sabuguinho.com.br\/site\/wp-json\/wp\/v2\/users\/2"}],"replies":[{"embeddable":true,"href":"https:\/\/sabuguinho.com.br\/site\/wp-json\/wp\/v2\/comments?post=44873"}],"version-history":[{"count":1,"href":"https:\/\/sabuguinho.com.br\/site\/wp-json\/wp\/v2\/posts\/44873\/revisions"}],"predecessor-version":[{"id":44879,"href":"https:\/\/sabuguinho.com.br\/site\/wp-json\/wp\/v2\/posts\/44873\/revisions\/44879"}],"wp:featuredmedia":[{"embeddable":true,"href":"https:\/\/sabuguinho.com.br\/site\/wp-json\/wp\/v2\/media\/44878"}],"wp:attachment":[{"href":"https:\/\/sabuguinho.com.br\/site\/wp-json\/wp\/v2\/media?parent=44873"}],"wp:term":[{"taxonomy":"category","embeddable":true,"href":"https:\/\/sabuguinho.com.br\/site\/wp-json\/wp\/v2\/categories?post=44873"},{"taxonomy":"post_tag","embeddable":true,"href":"https:\/\/sabuguinho.com.br\/site\/wp-json\/wp\/v2\/tags?post=44873"}],"curies":[{"name":"wp","href":"https:\/\/api.w.org\/{rel}","templated":true}]}}