{"id":44867,"date":"2026-04-30T10:44:05","date_gmt":"2026-04-30T13:44:05","guid":{"rendered":"https:\/\/sabuguinho.com.br\/site\/?p=44867"},"modified":"2026-04-30T10:44:05","modified_gmt":"2026-04-30T13:44:05","slug":"camara-de-avare-rejeita-cassacao-do-mandato-de-samuel-paes-e-caso-e-arquivado","status":"publish","type":"post","link":"https:\/\/sabuguinho.com.br\/site\/camara-de-avare-rejeita-cassacao-do-mandato-de-samuel-paes-e-caso-e-arquivado\/","title":{"rendered":"C\u00c2MARA DE AVAR\u00c9 REJEITA CASSA\u00c7\u00c3O DO MANDATO DE SAMUEL PAES E CASO \u00c9 ARQUIVADO"},"content":{"rendered":"<p>A C\u00e2mara Municipal de Avar\u00e9 decidiu, em sess\u00e3o extraordin\u00e1ria realizada nesta quarta-feira (29), rejeitar o pedido de cassa\u00e7\u00e3o do mandato do vereador Samuel Paes, presidente da Casa, acusado de quebra de decoro parlamentar. O placar apertado, sendo 7 votos contr\u00e1rios e 6 favor\u00e1veis, resultou no arquivamento do processo.<br \/>\nPara que a cassa\u00e7\u00e3o fosse aprovada, seriam necess\u00e1rios ao menos 9 votos, conforme o crit\u00e9rio de maioria absoluta. Com isso, mesmo diante de parecer favor\u00e1vel \u00e0 proced\u00eancia da den\u00fancia, o n\u00famero de votos n\u00e3o atingiu o m\u00ednimo exigido.<br \/>\nA sess\u00e3o, que durou cerca de 4 horas, foi presidida pelo vereador Jairinho do Paineiras e contou com a leitura do relat\u00f3rio final elaborado pelo relator da Comiss\u00e3o Processante, vereador Magno Greguer, que opinou pela continuidade da den\u00fancia e pela cassa\u00e7\u00e3o do mandato.Na sequ\u00eancia, a defesa de Samuel Paes foi apresentada pelos advogados Jo\u00e3o Adolfo Drummond de Freitas, Juliana Padovesi Sousa e Talita Soares, que utilizaram cerca de duas horas para sustentar seus argumentos em plen\u00e1rio.<br \/>\nEncerradas as manifesta\u00e7\u00f5es, os parlamentares procederam \u00e0 vota\u00e7\u00e3o nominal, que culminou no arquivamento definitivo da den\u00fancia.<br \/>\nParticiparam da vota\u00e7\u00e3o os vereadores Francisco Barreto, Ana Paula do Conselho, Hidalgo de Freitas, Moacir Lima, Pedro Fusco, Everton Machado, Magno Greguer, Luiz Cl\u00e1udio, Adalgisa Ward, Bel Dad\u00e1rio, L\u00e9o Ripoli e Cabo Wilson, este \u00faltimo atuando como segundo suplente de Samuel Paes.<\/p>\n<p>ENTENDA O CASO<\/p>\n<p>O processo teve in\u00edcio com a instaura\u00e7\u00e3o da Comiss\u00e3o Processante (CP) em 2 de fevereiro de 2026. O relat\u00f3rio final foi protocolado na manh\u00e3 da \u00faltima segunda-feira (27), com manifesta\u00e7\u00e3o favor\u00e1vel \u00e0 proced\u00eancia da den\u00fancia contra o presidente do Legislativo.<br \/>\nA comiss\u00e3o foi composta pelos vereadores Hidalgo Andr\u00e9 de Freitas (presidente), Magno Greguer (relator) e Moacir Lima (membro).<\/p>\n<p>OITIVAS E REVIRAVOLTA<\/p>\n<p>As oitivas come\u00e7aram em 17 de mar\u00e7o, com o depoimento da denunciante Juliane Cristina de Oliveira. Nos dias seguintes, foram ouvidos servidores da C\u00e2mara, testemunhas e o pr\u00f3prio denunciado.<br \/>\nUm dos momentos mais relevantes ocorreu em 17 de abril, durante o depoimento da mun\u00edcipe Priscila Regina Bexiga. Sob juramento, ela afirmou que a den\u00fancia n\u00e3o teria sido elaborada espontaneamente pela denunciante oficial, mas sim por uma jornalista da cidade, a quem atribuiu a autoria intelectual do documento. Segundo Priscila, reportagens publicadas teriam car\u00e1ter \u201ctendencioso\u201d e fariam parte de uma estrat\u00e9gia para pressionar pela cassa\u00e7\u00e3o do presidente da C\u00e2mara.<\/p>\n<p>ORIGEM DA DEN\u00daNCIA<\/p>\n<p>O caso remonta a uma sess\u00e3o extraordin\u00e1ria realizada em 1\u00ba de dezembro de 2025, quando foi aprovado um projeto de lei que previa reajuste salarial para os vereadores. Durante a vota\u00e7\u00e3o, o mun\u00edcipe Vin\u00edcius Berna manifestou-se de forma contr\u00e1ria \u00e0 proposta, em tom considerado exaltado.<br \/>\nDe acordo com os autos, Samuel Paes solicitou que o cidad\u00e3o se manifestasse de forma pac\u00edfica. Diante da recusa, determinou sua retirada do plen\u00e1rio. O epis\u00f3dio evoluiu para interven\u00e7\u00e3o f\u00edsica, posteriormente justificada pelo parlamentar como medida necess\u00e1ria para garantir a ordem e a seguran\u00e7a no local.<br \/>\nEm pronunciamento \u00e0 \u00e9poca, Paes classificou o epis\u00f3dio como \u201ctriste\u201d e afirmou ter agido dentro de suas prerrogativas, inclusive com base em sua experi\u00eancia como policial.<br \/>\nCom a decis\u00e3o desta quarta-feira, o processo \u00e9 oficialmente encerrado no \u00e2mbito do Legislativo municipal.<\/p>\n","protected":false},"excerpt":{"rendered":"<p>A C\u00e2mara Municipal de Avar\u00e9 decidiu, em sess\u00e3o extraordin\u00e1ria realizada nesta quarta-feira (29), rejeitar o pedido de cassa\u00e7\u00e3o do mandato do vereador Samuel Paes, presidente da Casa, acusado de quebra de decoro parlamentar. O placar apertado, sendo 7 votos contr\u00e1rios e 6 favor\u00e1veis, resultou no arquivamento do processo. Para que a cassa\u00e7\u00e3o fosse aprovada, seriam [&hellip;]<\/p>\n","protected":false},"author":2,"featured_media":30040,"comment_status":"open","ping_status":"open","sticky":false,"template":"","format":"standard","meta":{"footnotes":""},"categories":[58],"tags":[],"_links":{"self":[{"href":"https:\/\/sabuguinho.com.br\/site\/wp-json\/wp\/v2\/posts\/44867"}],"collection":[{"href":"https:\/\/sabuguinho.com.br\/site\/wp-json\/wp\/v2\/posts"}],"about":[{"href":"https:\/\/sabuguinho.com.br\/site\/wp-json\/wp\/v2\/types\/post"}],"author":[{"embeddable":true,"href":"https:\/\/sabuguinho.com.br\/site\/wp-json\/wp\/v2\/users\/2"}],"replies":[{"embeddable":true,"href":"https:\/\/sabuguinho.com.br\/site\/wp-json\/wp\/v2\/comments?post=44867"}],"version-history":[{"count":1,"href":"https:\/\/sabuguinho.com.br\/site\/wp-json\/wp\/v2\/posts\/44867\/revisions"}],"predecessor-version":[{"id":44870,"href":"https:\/\/sabuguinho.com.br\/site\/wp-json\/wp\/v2\/posts\/44867\/revisions\/44870"}],"wp:featuredmedia":[{"embeddable":true,"href":"https:\/\/sabuguinho.com.br\/site\/wp-json\/wp\/v2\/media\/30040"}],"wp:attachment":[{"href":"https:\/\/sabuguinho.com.br\/site\/wp-json\/wp\/v2\/media?parent=44867"}],"wp:term":[{"taxonomy":"category","embeddable":true,"href":"https:\/\/sabuguinho.com.br\/site\/wp-json\/wp\/v2\/categories?post=44867"},{"taxonomy":"post_tag","embeddable":true,"href":"https:\/\/sabuguinho.com.br\/site\/wp-json\/wp\/v2\/tags?post=44867"}],"curies":[{"name":"wp","href":"https:\/\/api.w.org\/{rel}","templated":true}]}}