{"id":44859,"date":"2026-04-30T10:29:08","date_gmt":"2026-04-30T13:29:08","guid":{"rendered":"https:\/\/sabuguinho.com.br\/site\/?p=44859"},"modified":"2026-04-30T10:29:08","modified_gmt":"2026-04-30T13:29:08","slug":"velocross-avare-2026-resgata-tradicao-do-motocross-e-reune-pilotos-no-3o-encontro-entre-amigos","status":"publish","type":"post","link":"https:\/\/sabuguinho.com.br\/site\/velocross-avare-2026-resgata-tradicao-do-motocross-e-reune-pilotos-no-3o-encontro-entre-amigos\/","title":{"rendered":"Velocross Avar\u00e9 2026 resgata tradi\u00e7\u00e3o do motocross e re\u00fane pilotos no 3\u00ba Encontro Entre Amigos"},"content":{"rendered":"<p>Evento acontece nos dias 16 e 17 de maio, no recinto da EMAPA, e nasceu como homenagem \u00e0 mem\u00f3ria de Jos\u00e9 Francisco de Oliveira, o Pardal, nome marcante do motocross avareense<\/p>\n<p>A paix\u00e3o pelo motocross, a amizade entre pilotos e a vontade de manter viva uma hist\u00f3ria que marcou gera\u00e7\u00f5es deram origem ao 3\u00ba Encontro Entre Amigos Velocross Avar\u00e9 2026, que ser\u00e1 realizado nos dias 16 e 17 de maio, s\u00e1bado e domingo, no recinto da EMAPA.<br \/>\nMais do que uma competi\u00e7\u00e3o esportiva, o evento representa mem\u00f3ria, reencontro e homenagem. A iniciativa foi criada por Jos\u00e9 Henrique de Oliveira (Riquinho) como uma forma de homenagear seu pai, Jos\u00e9 Francisco de Oliveira, conhecido por todos como Pardal, construtor muito respeitado em Avar\u00e9 e apaixonado pelo motocross, falecido em 2022.<br \/>\nMuito al\u00e9m da profiss\u00e3o, Pardal carregava no cora\u00e7\u00e3o a paix\u00e3o pelas pistas. Foi piloto da modalidade, ajudava diretamente na organiza\u00e7\u00e3o das provas e fazia parte da AMA, a antiga Associa\u00e7\u00e3o de Motocross de Avar\u00e9, que teve grande import\u00e2ncia no fortalecimento do esporte no munic\u00edpio at\u00e9 ser extinta na d\u00e9cada de 1990.<br \/>\nNaquela \u00e9poca, Avar\u00e9 tinha forte tradi\u00e7\u00e3o no motocross. A cidade contava com uma pista localizada ao lado da pista de kart, dentro da EMAPA, onde Pardal e outros amantes do esporte aceleravam e mantinham viva a cultura das corridas. Com a destrui\u00e7\u00e3o da pista, o munic\u00edpio ficou durante anos sem espa\u00e7o adequado para a pr\u00e1tica da modalidade e sem grandes eventos voltados ao motocross.<br \/>\nAp\u00f3s o falecimento de Pardal, a saudade falou mais alto. Amigos, familiares e pilotos decidiram transformar a dor da perda em homenagem e uni\u00e3o. O primeiro encontro surgiu de forma simples, durante um churrasco entre amigos realizado no Camping Municipal. O momento, que come\u00e7ou como lembran\u00e7a e confraterniza\u00e7\u00e3o, rapidamente despertou o desejo coletivo de trazer novamente as corridas para a cidade.<br \/>\nO sucesso foi imediato. O que era apenas um encontro entre amigos se transformou em um evento aguardado por pilotos, fam\u00edlias e admiradores do esporte. Assim nasceu o Encontro Entre Amigos, que chega  \u00e0 sua terceira edi\u00e7\u00e3o, mais fortalecido.<br \/>\nCom o apoio da Prefeitura, por meio das Secretarias de Turismo, Esportes e Agricultura e Abastecimento, uma \u00e1rea da EMAPA foi cedida para a realiza\u00e7\u00e3o do evento, permitindo que o motocross voltasse a ocupar seu espa\u00e7o e fortalecendo o retorno da modalidade ao calend\u00e1rio esportivo e tur\u00edstico do munic\u00edpio.<br \/>\nJos\u00e9 Henrique destaca que este j\u00e1 \u00e9 o terceiro ano consecutivo do encontro e que, em 2026, ser\u00e3o realizados dois eventos. A expectativa \u00e9 de grande participa\u00e7\u00e3o, com 35 pilotos de Avar\u00e9 e 23 competidores j\u00e1 inscritos de diversas cidades da regi\u00e3o e at\u00e9 de outros estados. Al\u00e9m das provas e da adrenalina das pistas, o evento tamb\u00e9m movimenta o turismo esportivo, fortalece o com\u00e9rcio local e re\u00fane fam\u00edlias inteiras em um ambiente de conviv\u00eancia, tradi\u00e7\u00e3o e celebra\u00e7\u00e3o da hist\u00f3ria do motocross avareense.<br \/>\nA organiza\u00e7\u00e3o tamb\u00e9m faz um agradecimento especial pelo apoio recebido para que o evento pudesse acontecer, permitindo que uma tradi\u00e7\u00e3o t\u00e3o importante para a cidade voltasse a ser realidade.Quem quiser participar ou obter mais informa\u00e7\u00f5es pode entrar em contato pelo telefone (14) 9.9196-6044 ou pelo Facebook de Riquinho.<\/p>\n<p>Programa\u00e7\u00e3o<\/p>\n<p>16 de maio \u2013 s\u00e1bado<br \/>\nTreino livre a partir das 14 horas<br \/>\n17 de maio \u2013 domingo<br \/>\nTreino livre \u00e0s 9 horas<br \/>\nTreino cronometrado \u00e0s 10 horas<br \/>\nIn\u00edcio das provas \u00e0s 11h30<br \/>\nLocal: Recinto da EMAPA<\/p>\n","protected":false},"excerpt":{"rendered":"<p>Evento acontece nos dias 16 e 17 de maio, no recinto da EMAPA, e nasceu como homenagem \u00e0 mem\u00f3ria de Jos\u00e9 Francisco de Oliveira, o Pardal, nome marcante do motocross avareense A paix\u00e3o pelo motocross, a amizade entre pilotos e a vontade de manter viva uma hist\u00f3ria que marcou gera\u00e7\u00f5es deram origem ao 3\u00ba Encontro [&hellip;]<\/p>\n","protected":false},"author":2,"featured_media":44861,"comment_status":"open","ping_status":"open","sticky":false,"template":"","format":"standard","meta":{"footnotes":""},"categories":[45],"tags":[],"_links":{"self":[{"href":"https:\/\/sabuguinho.com.br\/site\/wp-json\/wp\/v2\/posts\/44859"}],"collection":[{"href":"https:\/\/sabuguinho.com.br\/site\/wp-json\/wp\/v2\/posts"}],"about":[{"href":"https:\/\/sabuguinho.com.br\/site\/wp-json\/wp\/v2\/types\/post"}],"author":[{"embeddable":true,"href":"https:\/\/sabuguinho.com.br\/site\/wp-json\/wp\/v2\/users\/2"}],"replies":[{"embeddable":true,"href":"https:\/\/sabuguinho.com.br\/site\/wp-json\/wp\/v2\/comments?post=44859"}],"version-history":[{"count":1,"href":"https:\/\/sabuguinho.com.br\/site\/wp-json\/wp\/v2\/posts\/44859\/revisions"}],"predecessor-version":[{"id":44862,"href":"https:\/\/sabuguinho.com.br\/site\/wp-json\/wp\/v2\/posts\/44859\/revisions\/44862"}],"wp:featuredmedia":[{"embeddable":true,"href":"https:\/\/sabuguinho.com.br\/site\/wp-json\/wp\/v2\/media\/44861"}],"wp:attachment":[{"href":"https:\/\/sabuguinho.com.br\/site\/wp-json\/wp\/v2\/media?parent=44859"}],"wp:term":[{"taxonomy":"category","embeddable":true,"href":"https:\/\/sabuguinho.com.br\/site\/wp-json\/wp\/v2\/categories?post=44859"},{"taxonomy":"post_tag","embeddable":true,"href":"https:\/\/sabuguinho.com.br\/site\/wp-json\/wp\/v2\/tags?post=44859"}],"curies":[{"name":"wp","href":"https:\/\/api.w.org\/{rel}","templated":true}]}}