{"id":44844,"date":"2026-04-29T17:26:32","date_gmt":"2026-04-29T20:26:32","guid":{"rendered":"https:\/\/sabuguinho.com.br\/site\/?p=44844"},"modified":"2026-04-29T17:26:32","modified_gmt":"2026-04-29T20:26:32","slug":"obras-contra-enchentes-prefeitura-promove-reuniao-aberta-para-esclarecer-populacao-e-orientar-comerciantes-sobre-visita-cautelar","status":"publish","type":"post","link":"https:\/\/sabuguinho.com.br\/site\/obras-contra-enchentes-prefeitura-promove-reuniao-aberta-para-esclarecer-populacao-e-orientar-comerciantes-sobre-visita-cautelar\/","title":{"rendered":"Obras contra enchentes: Prefeitura promove reuni\u00e3o aberta para esclarecer popula\u00e7\u00e3o e orientar comerciantes sobre visita cautelar"},"content":{"rendered":"<p>Encontro nesta quinta-feira re\u00fane comerciantes e moradores para apresentar detalhes do projeto, explicar a visita cautelar e esclarecer d\u00favidas sobre as interven\u00e7\u00f5es que v\u00e3o melhorar a drenagem e reduzir alagamentos na cidade<\/p>\n<p>A Prefeitura da Est\u00e2ncia Tur\u00edstica de Avar\u00e9 promove nesta quinta-feira, 30 de abril, \u00e0s 9h30, na sede da Associa\u00e7\u00e3o Comercial, Industrial e Agropecu\u00e1ria de Avar\u00e9 (ACIA), uma importante reuni\u00e3o voltada aos comerciantes, empres\u00e1rios, moradores e toda a comunidade interessada em esclarecer d\u00favidas sobre o in\u00edcio das obras de drenagem e infraestrutura destinadas ao combate \u00e0s enchentes no munic\u00edpio.<br \/>\nAntes do in\u00edcio das obras, ser\u00e1 realizada a chamada visita cautelar, uma etapa fundamental para registrar previamente as condi\u00e7\u00f5es dos im\u00f3veis localizados nas \u00e1reas atendidas pelo projeto. Essa vistoria preventiva garante seguran\u00e7a jur\u00eddica, transpar\u00eancia e tranquilidade tanto para moradores quanto para comerciantes, permitindo o acompanhamento adequado durante toda a execu\u00e7\u00e3o dos servi\u00e7os.<br \/>\nSegundo o levantamento inicial, cerca de 80% dos im\u00f3veis diretamente impactados pela interven\u00e7\u00e3o s\u00e3o estabelecimentos comerciais e 20% correspondem a resid\u00eancias familiares, o que refor\u00e7a a necessidade de um planejamento cuidadoso para preservar a atividade econ\u00f4mica e o bem-estar da popula\u00e7\u00e3o.<br \/>\nO encontro contar\u00e1 com a presen\u00e7a da equipe do Departamento de Conv\u00eanios, al\u00e9m das Secretarias de Obras e de Transportes, que ir\u00e3o apresentar o cronograma de execu\u00e7\u00e3o, os impactos no tr\u00e2nsito, as etapas da obra e as orienta\u00e7\u00f5es sobre o funcionamento dos servi\u00e7os durante o per\u00edodo de interven\u00e7\u00e3o.<br \/>\nTamb\u00e9m ser\u00e3o repassadas orienta\u00e7\u00f5es importantes para garantir o acesso cont\u00ednuo aos servi\u00e7os essenciais e o funcionamento do com\u00e9rcio local, evitando interdi\u00e7\u00f5es desnecess\u00e1rias e permitindo que a obra avance com organiza\u00e7\u00e3o e responsabilidade.<br \/>\nAp\u00f3s o in\u00edcio das obras, caso necess\u00e1rio, a equipe de assist\u00eancia social acompanhar\u00e1 visitas e situa\u00e7\u00f5es espec\u00edficas, oferecendo suporte \u00e0s fam\u00edlias e aos comerciantes que precisarem de orienta\u00e7\u00e3o durante o per\u00edodo de execu\u00e7\u00e3o.<br \/>\nA obra contempla o fornecimento de m\u00e3o de obra, materiais, m\u00e1quinas, equipamentos e servi\u00e7os para a execu\u00e7\u00e3o do sistema de drenagem, pavimenta\u00e7\u00e3o e recapeamento asf\u00e1ltico nas ruas Pernambuco, Santa Catarina, Rio Grande do Sul, Mato Grosso e Alagoas, regi\u00f5es que historicamente enfrentam problemas com alagamentos e ac\u00famulo de \u00e1gua durante per\u00edodos de chuva intensa.<br \/>\nA participa\u00e7\u00e3o dos moradores e comerciantes \u00e9 considerada fundamental, especialmente daqueles que vivem ou atuam nas vias contempladas, j\u00e1 que o andamento da obra impactar\u00e1 diretamente a rotina da regi\u00e3o. A orienta\u00e7\u00e3o \u00e9 para que todos os interessados compare\u00e7am e participem desse momento de transpar\u00eancia, informa\u00e7\u00e3o e constru\u00e7\u00e3o coletiva.<br \/>\nO investimento total previsto \u00e9 de quase R$ 10 milh\u00f5es, somado a recursos pr\u00f3prios do munic\u00edpio, totalizando cerca de R$ 12 milh\u00f5es em investimentos para a maior obra de infraestrutura urbana da hist\u00f3ria de Avar\u00e9.<br \/>\nA iniciativa representa mais um passo importante no enfrentamento de um problema hist\u00f3rico da cidade, buscando solu\u00e7\u00f5es definitivas para \u00e1reas que sofrem h\u00e1 anos com os impactos das chuvas.<\/p>\n<p>Servi\u00e7o<br \/>\n\ud83d\udccd Reuni\u00e3o sobre obras de combate \u00e0s enchentes<br \/>\n\ud83d\udcc5 Quinta-feira \u2013 30 de abril<br \/>\n\ud83d\udd58 Hor\u00e1rio: 9h30<br \/>\n\ud83d\udccc Local: ACIA \u2013 Associa\u00e7\u00e3o Comercial, Industrial e Agropecu\u00e1ria de Avar\u00e9<\/p>\n","protected":false},"excerpt":{"rendered":"<p>Encontro nesta quinta-feira re\u00fane comerciantes e moradores para apresentar detalhes do projeto, explicar a visita cautelar e esclarecer d\u00favidas sobre as interven\u00e7\u00f5es que v\u00e3o melhorar a drenagem e reduzir alagamentos na cidade A Prefeitura da Est\u00e2ncia Tur\u00edstica de Avar\u00e9 promove nesta quinta-feira, 30 de abril, \u00e0s 9h30, na sede da Associa\u00e7\u00e3o Comercial, Industrial e Agropecu\u00e1ria [&hellip;]<\/p>\n","protected":false},"author":2,"featured_media":44845,"comment_status":"open","ping_status":"open","sticky":false,"template":"","format":"standard","meta":{"footnotes":""},"categories":[58],"tags":[],"_links":{"self":[{"href":"https:\/\/sabuguinho.com.br\/site\/wp-json\/wp\/v2\/posts\/44844"}],"collection":[{"href":"https:\/\/sabuguinho.com.br\/site\/wp-json\/wp\/v2\/posts"}],"about":[{"href":"https:\/\/sabuguinho.com.br\/site\/wp-json\/wp\/v2\/types\/post"}],"author":[{"embeddable":true,"href":"https:\/\/sabuguinho.com.br\/site\/wp-json\/wp\/v2\/users\/2"}],"replies":[{"embeddable":true,"href":"https:\/\/sabuguinho.com.br\/site\/wp-json\/wp\/v2\/comments?post=44844"}],"version-history":[{"count":1,"href":"https:\/\/sabuguinho.com.br\/site\/wp-json\/wp\/v2\/posts\/44844\/revisions"}],"predecessor-version":[{"id":44846,"href":"https:\/\/sabuguinho.com.br\/site\/wp-json\/wp\/v2\/posts\/44844\/revisions\/44846"}],"wp:featuredmedia":[{"embeddable":true,"href":"https:\/\/sabuguinho.com.br\/site\/wp-json\/wp\/v2\/media\/44845"}],"wp:attachment":[{"href":"https:\/\/sabuguinho.com.br\/site\/wp-json\/wp\/v2\/media?parent=44844"}],"wp:term":[{"taxonomy":"category","embeddable":true,"href":"https:\/\/sabuguinho.com.br\/site\/wp-json\/wp\/v2\/categories?post=44844"},{"taxonomy":"post_tag","embeddable":true,"href":"https:\/\/sabuguinho.com.br\/site\/wp-json\/wp\/v2\/tags?post=44844"}],"curies":[{"name":"wp","href":"https:\/\/api.w.org\/{rel}","templated":true}]}}