{"id":44832,"date":"2026-04-29T17:04:57","date_gmt":"2026-04-29T20:04:57","guid":{"rendered":"https:\/\/sabuguinho.com.br\/site\/?p=44832"},"modified":"2026-04-29T17:04:57","modified_gmt":"2026-04-29T20:04:57","slug":"contagem-regressiva-para-a-corrida-do-trabalhador-entrega-de-kits-sera-amanha-30","status":"publish","type":"post","link":"https:\/\/sabuguinho.com.br\/site\/contagem-regressiva-para-a-corrida-do-trabalhador-entrega-de-kits-sera-amanha-30\/","title":{"rendered":"Contagem regressiva para a Corrida do Trabalhador: entrega de kits ser\u00e1 amanh\u00e3 (30)"},"content":{"rendered":"<p>Participantes devem retirar o kit no Gin\u00e1sio Kim Negr\u00e3o, das 11h \u00e0s 17h, antes do grande evento esportivo do dia 1\u00ba de maio no Horto Florestal<\/p>\n<p>A Corrida do Trabalhador j\u00e1 movimenta Avar\u00e9 e a expectativa cresce para uma das manh\u00e3s mais especiais do calend\u00e1rio esportivo da Est\u00e2ncia Tur\u00edstica. Mais do que uma prova, o evento representa um encontro de hist\u00f3rias, supera\u00e7\u00e3o, qualidade de vida e valoriza\u00e7\u00e3o de quem faz a cidade acontecer todos os dias.<br \/>\nAntes da largada, um momento importante antecede essa grande celebra\u00e7\u00e3o: a entrega oficial dos kits dos participantes, que acontece amanh\u00e3, dia 30 de abril, no Gin\u00e1sio Kim Negr\u00e3o, das 11h \u00e0s 17h. A retirada \u00e9 fundamental para garantir organiza\u00e7\u00e3o, conforto e prepara\u00e7\u00e3o para atletas e caminhantes.<br \/>\nA programa\u00e7\u00e3o principal acontece no dia 1\u00ba de maio, no Horto Florestal, com largada a partir das 8h, reunindo corrida de 7 km, caminhada de 3 km e tamb\u00e9m a tradicional Corrida Kids, incentivando a participa\u00e7\u00e3o de toda a fam\u00edlia.<br \/>\nAl\u00e9m da prova, os participantes poder\u00e3o viver uma manh\u00e3 de integra\u00e7\u00e3o, energia positiva e incentivo \u00e0 pr\u00e1tica esportiva, com medalhas, premia\u00e7\u00f5es e um ambiente pensado para celebrar sa\u00fade e bem-estar.<br \/>\nA proposta vai al\u00e9m da competi\u00e7\u00e3o. \u00c9 um convite para viver a cidade de forma ativa, fortalecer la\u00e7os e transformar o Dia do Trabalhador em um momento de valoriza\u00e7\u00e3o das pessoas e da comunidade.<br \/>\nA organiza\u00e7\u00e3o refor\u00e7a que os inscritos devem ficar atentos \u00e0 retirada dos kits e \u00e0s orienta\u00e7\u00f5es oficiais para garantir a participa\u00e7\u00e3o no evento. A expectativa \u00e9 de grande participa\u00e7\u00e3o popular, consolidando a Corrida do Trabalhador como uma das a\u00e7\u00f5es mais aguardadas do ano.<\/p>\n<p>Servi\u00e7o \u2013 Entrega dos Kits<br \/>\n\ud83d\udcc5 30 de abril<br \/>\n\ud83d\udccd Gin\u00e1sio Kim Negr\u00e3o<br \/>\n\ud83d\udd5a Das 11h \u00e0s 17h<br \/>\nServi\u00e7o \u2013 Corrida do Trabalhador<br \/>\n\ud83d\udcc5 01 de maio de 2026<br \/>\n\ud83d\udccd Horto Florestal<br \/>\n\ud83d\udd57 Largada \u00e0s 8h<br \/>\n\u2714 Corrida de 7 km<br \/>\n\u2714 Caminhada de 3 km<br \/>\n\u2714 Corrida Kids<br \/>\n\u2714 Medalhas e premia\u00e7\u00e3o<br \/>\n\ud83d\udc49 Inscri\u00e7\u00f5es: www.runnerbrasil.com.br<br \/>\n\ud83d\udcde Informa\u00e7\u00f5es: (14) 3711-0700<\/p>\n","protected":false},"excerpt":{"rendered":"<p>Participantes devem retirar o kit no Gin\u00e1sio Kim Negr\u00e3o, das 11h \u00e0s 17h, antes do grande evento esportivo do dia 1\u00ba de maio no Horto Florestal A Corrida do Trabalhador j\u00e1 movimenta Avar\u00e9 e a expectativa cresce para uma das manh\u00e3s mais especiais do calend\u00e1rio esportivo da Est\u00e2ncia Tur\u00edstica. Mais do que uma prova, o [&hellip;]<\/p>\n","protected":false},"author":2,"featured_media":44833,"comment_status":"open","ping_status":"open","sticky":false,"template":"","format":"standard","meta":{"footnotes":""},"categories":[45],"tags":[],"_links":{"self":[{"href":"https:\/\/sabuguinho.com.br\/site\/wp-json\/wp\/v2\/posts\/44832"}],"collection":[{"href":"https:\/\/sabuguinho.com.br\/site\/wp-json\/wp\/v2\/posts"}],"about":[{"href":"https:\/\/sabuguinho.com.br\/site\/wp-json\/wp\/v2\/types\/post"}],"author":[{"embeddable":true,"href":"https:\/\/sabuguinho.com.br\/site\/wp-json\/wp\/v2\/users\/2"}],"replies":[{"embeddable":true,"href":"https:\/\/sabuguinho.com.br\/site\/wp-json\/wp\/v2\/comments?post=44832"}],"version-history":[{"count":1,"href":"https:\/\/sabuguinho.com.br\/site\/wp-json\/wp\/v2\/posts\/44832\/revisions"}],"predecessor-version":[{"id":44835,"href":"https:\/\/sabuguinho.com.br\/site\/wp-json\/wp\/v2\/posts\/44832\/revisions\/44835"}],"wp:featuredmedia":[{"embeddable":true,"href":"https:\/\/sabuguinho.com.br\/site\/wp-json\/wp\/v2\/media\/44833"}],"wp:attachment":[{"href":"https:\/\/sabuguinho.com.br\/site\/wp-json\/wp\/v2\/media?parent=44832"}],"wp:term":[{"taxonomy":"category","embeddable":true,"href":"https:\/\/sabuguinho.com.br\/site\/wp-json\/wp\/v2\/categories?post=44832"},{"taxonomy":"post_tag","embeddable":true,"href":"https:\/\/sabuguinho.com.br\/site\/wp-json\/wp\/v2\/tags?post=44832"}],"curies":[{"name":"wp","href":"https:\/\/api.w.org\/{rel}","templated":true}]}}