{"id":44828,"date":"2026-04-29T14:52:49","date_gmt":"2026-04-29T17:52:49","guid":{"rendered":"https:\/\/sabuguinho.com.br\/site\/?p=44828"},"modified":"2026-04-29T14:52:49","modified_gmt":"2026-04-29T17:52:49","slug":"cultura-confira-a-programacao-completa-do-3o-avare-rock-fest-que-acontece-nos-dias-16-e-17-de-maio","status":"publish","type":"post","link":"https:\/\/sabuguinho.com.br\/site\/cultura-confira-a-programacao-completa-do-3o-avare-rock-fest-que-acontece-nos-dias-16-e-17-de-maio\/","title":{"rendered":"CULTURA  *Confira a programa\u00e7\u00e3o completa do 3\u00ba Avar\u00e9 Rock Fest, que acontece nos dias 16 e 17 de maio*"},"content":{"rendered":"<p>Al\u00e9m de Detonautas, Matanza Inc e bandas de Avar\u00e9 e regi\u00e3o, programa\u00e7\u00e3o inclui atividades esportivas e culturais_ <\/p>\n<p>A est\u00e2ncia tur\u00edstica j\u00e1 est\u00e1 no clima para o 3\u00ba Avar\u00e9 Rock Fest, que acontece nos dias 16 e 17 de maio no recinto da EMAPA.<br \/>\nA banda carioca Detonautas \u00e9 a principal atra\u00e7\u00e3o do evento. Tamb\u00e9m v\u00e3o subir ao palco o grupo de hardcore Matanza Inc, formada por ex-integrantes do extinto grupo Matanza, e bandas de rock de Avar\u00e9 e regi\u00e3o.<br \/>\nA entrada \u00e9 a doa\u00e7\u00e3o de 1 litro de leite ou 1 kg de alimento n\u00e3o perec\u00edvel, exceto sal.<br \/>\n\u201cUma programa\u00e7\u00e3o pensada para todos que apreciam o bom e velho rock\u201d, destaca a Secretaria Municipal da Cultura.<br \/>\n\u201c\u00c9 s\u00f3 reunir a fam\u00edlia, os amigos e aproveitar essa experi\u00eancia que j\u00e1 faz parte da identidade musical de Avar\u00e9\u201d, convida a organiza\u00e7\u00e3o.<br \/>\nE se voc\u00ea curte o estilo estradeiro, a edi\u00e7\u00e3o vai oferecer uma \u00e1rea de camping coberta para acampamento, com caf\u00e9 da manh\u00e3 e chuveiro quente. <\/p>\n<p>*Acesso ao recinto*<\/p>\n<p>A apresenta\u00e7\u00e3o de documento de identidade \u00e9 obrigat\u00f3ria no acesso ao evento. A confer\u00eancia ser\u00e1 feita por seguran\u00e7as.<br \/>\n\u201cMenores de 14 anos somente poder\u00e3o entrar acompanhados pelo pai, m\u00e3e ou respons\u00e1vel legal\u201d, informa a organiza\u00e7\u00e3o. <\/p>\n<p>*Programa\u00e7\u00e3o paralela*<\/p>\n<p>Al\u00e9m de muita m\u00fasica, a edi\u00e7\u00e3o vai trazer atra\u00e7\u00f5es paralelas. A programa\u00e7\u00e3o no domingo, 17, come\u00e7a \u00e0s 8 horas e inclui passeio e corrida de pets, caminhada e corrida (light, fam\u00edlia e profissional), passeio e corrida bike (light, fam\u00edlia e profissional) e apresenta\u00e7\u00f5es de skate.<br \/>\nJ\u00e1 a partir das 10 horas \u00e9 a vez do 1\u00ba Encontro de M\u00fasicos, que vai reunir bateristas, guitarristas e baixistas para uma grande jam session em grupo.<br \/>\nA organiza\u00e7\u00e3o \u00e9 da loja Sonora. Informa\u00e7\u00f5es pelo (14) 3732-6230 e inscri\u00e7\u00f5es pelo www.sonoraloja.com.br\/pages\/encontro<br \/>\nO 3\u00ba Avar\u00e9 Rock Fest \u00e9 uma realiza\u00e7\u00e3o da Gest\u00e3o Roberto Araujo, por meio da Secretaria Municipal da Cultura. Confira abaixo a programa\u00e7\u00e3o completa.<\/p>\n<p>*16 de maio*<br \/>\n19h: Rubricca<br \/>\n20h: Encruzilhada<br \/>\n21h: Mad Max<br \/>\n22h: Nightsense<br \/>\n23h: Cavalo De A\u00e7o<br \/>\n24h: Detonautas<\/p>\n<p>*17 de maio*<br \/>\n11h: Latitude 7<br \/>\n12h: Rancheros<br \/>\n13h: LImp Bizket<br \/>\n14h: Rock 14<br \/>\n18h: Outrora<br \/>\n19h: Exkil<br \/>\n20h: Matanza Inc<\/p>\n","protected":false},"excerpt":{"rendered":"<p>Al\u00e9m de Detonautas, Matanza Inc e bandas de Avar\u00e9 e regi\u00e3o, programa\u00e7\u00e3o inclui atividades esportivas e culturais_ A est\u00e2ncia tur\u00edstica j\u00e1 est\u00e1 no clima para o 3\u00ba Avar\u00e9 Rock Fest, que acontece nos dias 16 e 17 de maio no recinto da EMAPA. A banda carioca Detonautas \u00e9 a principal atra\u00e7\u00e3o do evento. Tamb\u00e9m v\u00e3o [&hellip;]<\/p>\n","protected":false},"author":2,"featured_media":44829,"comment_status":"open","ping_status":"open","sticky":false,"template":"","format":"standard","meta":{"footnotes":""},"categories":[99],"tags":[],"_links":{"self":[{"href":"https:\/\/sabuguinho.com.br\/site\/wp-json\/wp\/v2\/posts\/44828"}],"collection":[{"href":"https:\/\/sabuguinho.com.br\/site\/wp-json\/wp\/v2\/posts"}],"about":[{"href":"https:\/\/sabuguinho.com.br\/site\/wp-json\/wp\/v2\/types\/post"}],"author":[{"embeddable":true,"href":"https:\/\/sabuguinho.com.br\/site\/wp-json\/wp\/v2\/users\/2"}],"replies":[{"embeddable":true,"href":"https:\/\/sabuguinho.com.br\/site\/wp-json\/wp\/v2\/comments?post=44828"}],"version-history":[{"count":1,"href":"https:\/\/sabuguinho.com.br\/site\/wp-json\/wp\/v2\/posts\/44828\/revisions"}],"predecessor-version":[{"id":44830,"href":"https:\/\/sabuguinho.com.br\/site\/wp-json\/wp\/v2\/posts\/44828\/revisions\/44830"}],"wp:featuredmedia":[{"embeddable":true,"href":"https:\/\/sabuguinho.com.br\/site\/wp-json\/wp\/v2\/media\/44829"}],"wp:attachment":[{"href":"https:\/\/sabuguinho.com.br\/site\/wp-json\/wp\/v2\/media?parent=44828"}],"wp:term":[{"taxonomy":"category","embeddable":true,"href":"https:\/\/sabuguinho.com.br\/site\/wp-json\/wp\/v2\/categories?post=44828"},{"taxonomy":"post_tag","embeddable":true,"href":"https:\/\/sabuguinho.com.br\/site\/wp-json\/wp\/v2\/tags?post=44828"}],"curies":[{"name":"wp","href":"https:\/\/api.w.org\/{rel}","templated":true}]}}