{"id":44823,"date":"2026-04-29T13:23:28","date_gmt":"2026-04-29T16:23:28","guid":{"rendered":"https:\/\/sabuguinho.com.br\/site\/?p=44823"},"modified":"2026-04-29T13:23:28","modified_gmt":"2026-04-29T16:23:28","slug":"morre-moncho-monsalve-ex-tecnico-da-selecao-brasileira-de-basquete","status":"publish","type":"post","link":"https:\/\/sabuguinho.com.br\/site\/morre-moncho-monsalve-ex-tecnico-da-selecao-brasileira-de-basquete\/","title":{"rendered":"Morre Moncho Monsalve, ex-t\u00e9cnico da sele\u00e7\u00e3o brasileira de basquete"},"content":{"rendered":"<p>Espanhol conduziu time \u00e0 conquista da Copa Am\u00e9rica masculina de 2009<\/p>\n<p>Ag\u00eancia Brasil<\/p>\n<p>Ex-t\u00e9cnico da sele\u00e7\u00e3o brasileira e refer\u00eancia do basquete espanhol, Moncho Monsalve morreu nesta ter\u00e7a-feira (28), aos 81 anos. Sob comando dele, a sele\u00e7\u00e3o masculina conquistou a Copa Am\u00e9rica de 2009, assegurando vaga no Mundial do ano seguinte. Na \u00e9poca, o time era repleto de talentos como Anderson Varej\u00e3o, Leandrinho Barbosa, Marcelinho Huertas, Marcelinho Machado e Tiago Splitter, que atualmente treina o Portland Trail Blazers, da NBA.<br \/>\nEm 2004, Monsalve entrou no Hall da Fama da Federa\u00e7\u00e3o Espanhola de Basquete. Antes de abra\u00e7ar a carreira de treinador, Monsalve se destacou nas quadras como jogador. O \u00e1pice da trajet\u00f3ria foi no Real Madrid: durante quatro temporadas \u2013 de 1963 a 1967 \u2013 faturou nove t\u00edtulos (tr\u00eas Copas da Europa, tr\u00eas Ligas e tr\u00eas Copas da Espanha. Em comunicado oficial, o clube madrileno manifestou pesar pela morte do ex-atleta.<br \/>\n&#8220;O Real Madrid CF, seu presidente e sua Diretoria lamentam profundamente o falecimento de Moncho Monsalve, uma das grandes lendas do Real Madrid e do basquete espanhol&#8221;, afirmou a nota.<br \/>\nMonsalve tamb\u00e9m defendeu a sele\u00e7\u00e3o espanhola, vice-campe\u00e3 dos Jogos do Mediterr\u00e2neo de 1963. Em 1971, aos 26 anos, ele encerrou precocemente a trajet\u00f3ria de atleta, ap\u00f3s uma severa les\u00e3o no joelho.<br \/>\nAp\u00f3s a aposentadoria, o treinador esteve \u00e0 frente de clubes espanh\u00f3is (Barcelona, Zaragoza, M\u00farcia e M\u00e1laga). Al\u00e9m da sele\u00e7\u00e3o brasileira, tamb\u00e9m as sele\u00e7\u00f5es de Marrocos e Rep\u00fablica Dominicana. <\/p>\n","protected":false},"excerpt":{"rendered":"<p>Espanhol conduziu time \u00e0 conquista da Copa Am\u00e9rica masculina de 2009 Ag\u00eancia Brasil Ex-t\u00e9cnico da sele\u00e7\u00e3o brasileira e refer\u00eancia do basquete espanhol, Moncho Monsalve morreu nesta ter\u00e7a-feira (28), aos 81 anos. Sob comando dele, a sele\u00e7\u00e3o masculina conquistou a Copa Am\u00e9rica de 2009, assegurando vaga no Mundial do ano seguinte. Na \u00e9poca, o time era [&hellip;]<\/p>\n","protected":false},"author":2,"featured_media":44824,"comment_status":"open","ping_status":"open","sticky":false,"template":"","format":"standard","meta":{"footnotes":""},"categories":[45,61],"tags":[],"_links":{"self":[{"href":"https:\/\/sabuguinho.com.br\/site\/wp-json\/wp\/v2\/posts\/44823"}],"collection":[{"href":"https:\/\/sabuguinho.com.br\/site\/wp-json\/wp\/v2\/posts"}],"about":[{"href":"https:\/\/sabuguinho.com.br\/site\/wp-json\/wp\/v2\/types\/post"}],"author":[{"embeddable":true,"href":"https:\/\/sabuguinho.com.br\/site\/wp-json\/wp\/v2\/users\/2"}],"replies":[{"embeddable":true,"href":"https:\/\/sabuguinho.com.br\/site\/wp-json\/wp\/v2\/comments?post=44823"}],"version-history":[{"count":1,"href":"https:\/\/sabuguinho.com.br\/site\/wp-json\/wp\/v2\/posts\/44823\/revisions"}],"predecessor-version":[{"id":44825,"href":"https:\/\/sabuguinho.com.br\/site\/wp-json\/wp\/v2\/posts\/44823\/revisions\/44825"}],"wp:featuredmedia":[{"embeddable":true,"href":"https:\/\/sabuguinho.com.br\/site\/wp-json\/wp\/v2\/media\/44824"}],"wp:attachment":[{"href":"https:\/\/sabuguinho.com.br\/site\/wp-json\/wp\/v2\/media?parent=44823"}],"wp:term":[{"taxonomy":"category","embeddable":true,"href":"https:\/\/sabuguinho.com.br\/site\/wp-json\/wp\/v2\/categories?post=44823"},{"taxonomy":"post_tag","embeddable":true,"href":"https:\/\/sabuguinho.com.br\/site\/wp-json\/wp\/v2\/tags?post=44823"}],"curies":[{"name":"wp","href":"https:\/\/api.w.org\/{rel}","templated":true}]}}