{"id":44806,"date":"2026-04-29T11:33:39","date_gmt":"2026-04-29T14:33:39","guid":{"rendered":"https:\/\/sabuguinho.com.br\/site\/?p=44806"},"modified":"2026-04-29T11:33:39","modified_gmt":"2026-04-29T14:33:39","slug":"gestao-procuradoria-geral-do-municipio-avanca-na-modernizacao-administrativa","status":"publish","type":"post","link":"https:\/\/sabuguinho.com.br\/site\/gestao-procuradoria-geral-do-municipio-avanca-na-modernizacao-administrativa\/","title":{"rendered":"GEST\u00c3O  *Procuradoria Geral do Munic\u00edpio avan\u00e7a na moderniza\u00e7\u00e3o administrativa*"},"content":{"rendered":"<p>A Procuradoria-Geral do Munic\u00edpio (PGM) deu mais um passo rumo \u00e0 moderniza\u00e7\u00e3o administrativa, cujo prop\u00f3sito \u00e9 atender aos interesses dos avareenses com mais rapidez e efici\u00eancia.<br \/>\nDesde 1\u00ba de abril, o \u00f3rg\u00e3o est\u00e1 sob o comando do advogado Renan Oliveira Ribeiro, que tem 18 anos de experi\u00eancia na \u00e1rea p\u00fablica.<br \/>\nEspecialista em Direito Administrativo, licita\u00e7\u00f5es e contratos, Dr. Renan foi Procurador-Geral em Ourinhos e prestou consultoria jur\u00eddica em diversas cidades de S\u00e3o Paulo e do Paran\u00e1 ao longo de sua trajet\u00f3ria profissional.<br \/>\nEle tamb\u00e9m foi consultor e professor na Escola de Governo do Cons\u00f3rcio intermunicipal do Alto Vale do Paranapanema (AMVAPA), do Cons\u00f3rcio Intermunicipal do Vale do Paranapanema (CIVAP) e da Uni\u00e3o dos Munic\u00edpios da M\u00e9dia Sorocabana (UMMES).<br \/>\nToda essa experi\u00eancia agora est\u00e1 a servi\u00e7o da PGM por determina\u00e7\u00e3o do Prefeito Roberto Araujo. <\/p>\n<p>*PGM e o cidad\u00e3o*<\/p>\n<p>Embora seja mais conhecida por representar o munic\u00edpio judicialmente, a PGM tem atribui\u00e7\u00f5es que afetam diretamente o cidad\u00e3o.<br \/>\n\u201cTodas as a\u00e7\u00f5es da Prefeitura de Avar\u00e9 passam pela Procuradoria-Geral do Munic\u00edpio, desde obras at\u00e9 a compra de medicamentos, por exemplo\u201d, explica Dr. Renan. \u201cSendo assim, a an\u00e1lise dos aspectos legais desses procedimentos \u00e9 fundamental para que tais a\u00e7\u00f5es se materializem na pr\u00e1tica\u201d, continua.<br \/>\nTrocando em mi\u00fados: \u00e9 o aval jur\u00eddico da PGM que auxilia na garantia de que o servi\u00e7o p\u00fablico chegue cotidianamente at\u00e9 a popula\u00e7\u00e3o, garantindo seguran\u00e7a jur\u00eddica tanto para a gest\u00e3o municipal quanto para a popula\u00e7\u00e3o. <\/p>\n<p>*Gest\u00e3o moderna* <\/p>\n<p>A proposta de implementar uma gest\u00e3o mais moderna e eficiente \u00e9 uma preocupa\u00e7\u00e3o desde o in\u00edcio da gest\u00e3o Roberto Araujo.<br \/>\n\u201cAssumo com a responsabilidade de dar continuidade \u00e0 excelente gest\u00e3o da procuradora Ana Claudia Curiati Vilem, que esteve \u00e0 frente da PGM e que agora vai contribuir imensamente desenvolvendo um trabalho estrat\u00e9gico e vital junto ao gabinete do prefeito\u201d, destaca o novo Procurador-Geral de Avar\u00e9.<br \/>\nAl\u00e9m dos aspectos que dizem respeito a procedimentos, a moderniza\u00e7\u00e3o inclui a valoriza\u00e7\u00e3o de procuradores, servidores e de estagi\u00e1rios que atuam com grande compet\u00eancia na PGM, cuja contribui\u00e7\u00e3o \u00e9 fundamental para que as metas sejam atingidas.<br \/>\n\u201cA popula\u00e7\u00e3o pode ter a certeza de que a Procuradoria-Geral do Munic\u00edpio est\u00e1 a servi\u00e7o do p\u00fablico, sempre pronta para o di\u00e1logo e empenhada em aprimorar as rela\u00e7\u00f5es com os poderes Legislativo, Judici\u00e1rio, e o Minist\u00e9rio P\u00fablico\u201d, destaca Dr. Renan. <\/p>\n<p>*Sincronia* <\/p>\n<p>A proposta de aperfei\u00e7oamento institucional \u00e9 endossada pelo Secret\u00e1rio Rog\u00e9rio Rodrigues, titular da Secretaria de Assuntos Jur\u00eddicos, pasta \u00e0 qual a PGM \u00e9 ligada.<br \/>\nRodrigues destaca que avan\u00e7os j\u00e1 s\u00e3o vis\u00edveis, e que a expertise e a experi\u00eancia do Dr. Renan v\u00e3o acelerar ainda mais o aprimoramento dos processos.<br \/>\nA atua\u00e7\u00e3o \u00e9 conjunta. \u201cEssa sincronia entre \u00f3rg\u00e3os propicia o aperfei\u00e7oamento da gest\u00e3o administrativa\u201d, sintetiza Dr. Rog\u00e9rio.<br \/>\nAinda segundo o Secret\u00e1rio, a proposta \u00e9, inclusive, aplicar ferramentas modernas na gest\u00e3o p\u00fablica, de modo a dinamizar os trabalhos.<br \/>\n\u201c\u00c9 importante ressaltar que essa proposta de reestrutura\u00e7\u00e3o da m\u00e1quina p\u00fablica decorre da vis\u00e3o administrativa acertada do prefeito Roberto Araujo\u201d, finaliza Dr. Rog\u00e9rio Rodrigues. <\/p>\n<p>*Saiba mais* <\/p>\n<p>A Procuradoria-Geral do Munic\u00edpio est\u00e1 localizada na Rua Josino Carlos Nogueira, n\u00ba 200, Vila Jussara Maria.<br \/>\nO atendimento ao p\u00fablico \u00e9 de segunda a sexta-feira, das 8h \u00e0s 17h. Outras informa\u00e7\u00f5es podem ser obtidas pelo telefone (14) 3711-0400.<\/p>\n<p>Legenda: O advogado Renan Oliveira Ribeiro, novo procurador-geral de Avar\u00e9_<\/p>\n","protected":false},"excerpt":{"rendered":"<p>A Procuradoria-Geral do Munic\u00edpio (PGM) deu mais um passo rumo \u00e0 moderniza\u00e7\u00e3o administrativa, cujo prop\u00f3sito \u00e9 atender aos interesses dos avareenses com mais rapidez e efici\u00eancia. Desde 1\u00ba de abril, o \u00f3rg\u00e3o est\u00e1 sob o comando do advogado Renan Oliveira Ribeiro, que tem 18 anos de experi\u00eancia na \u00e1rea p\u00fablica. Especialista em Direito Administrativo, licita\u00e7\u00f5es [&hellip;]<\/p>\n","protected":false},"author":2,"featured_media":44807,"comment_status":"open","ping_status":"open","sticky":false,"template":"","format":"standard","meta":{"footnotes":""},"categories":[58],"tags":[],"_links":{"self":[{"href":"https:\/\/sabuguinho.com.br\/site\/wp-json\/wp\/v2\/posts\/44806"}],"collection":[{"href":"https:\/\/sabuguinho.com.br\/site\/wp-json\/wp\/v2\/posts"}],"about":[{"href":"https:\/\/sabuguinho.com.br\/site\/wp-json\/wp\/v2\/types\/post"}],"author":[{"embeddable":true,"href":"https:\/\/sabuguinho.com.br\/site\/wp-json\/wp\/v2\/users\/2"}],"replies":[{"embeddable":true,"href":"https:\/\/sabuguinho.com.br\/site\/wp-json\/wp\/v2\/comments?post=44806"}],"version-history":[{"count":1,"href":"https:\/\/sabuguinho.com.br\/site\/wp-json\/wp\/v2\/posts\/44806\/revisions"}],"predecessor-version":[{"id":44808,"href":"https:\/\/sabuguinho.com.br\/site\/wp-json\/wp\/v2\/posts\/44806\/revisions\/44808"}],"wp:featuredmedia":[{"embeddable":true,"href":"https:\/\/sabuguinho.com.br\/site\/wp-json\/wp\/v2\/media\/44807"}],"wp:attachment":[{"href":"https:\/\/sabuguinho.com.br\/site\/wp-json\/wp\/v2\/media?parent=44806"}],"wp:term":[{"taxonomy":"category","embeddable":true,"href":"https:\/\/sabuguinho.com.br\/site\/wp-json\/wp\/v2\/categories?post=44806"},{"taxonomy":"post_tag","embeddable":true,"href":"https:\/\/sabuguinho.com.br\/site\/wp-json\/wp\/v2\/tags?post=44806"}],"curies":[{"name":"wp","href":"https:\/\/api.w.org\/{rel}","templated":true}]}}