{"id":44802,"date":"2026-04-29T10:34:43","date_gmt":"2026-04-29T13:34:43","guid":{"rendered":"https:\/\/sabuguinho.com.br\/site\/?p=44802"},"modified":"2026-04-29T10:34:43","modified_gmt":"2026-04-29T13:34:43","slug":"comunicado-prefeitura-convida-populacao-para-reuniao-sobre-obras-contra-enchentes-nesta-quinta-30-na-acia","status":"publish","type":"post","link":"https:\/\/sabuguinho.com.br\/site\/comunicado-prefeitura-convida-populacao-para-reuniao-sobre-obras-contra-enchentes-nesta-quinta-30-na-acia\/","title":{"rendered":"COMUNICADO  *Prefeitura convida popula\u00e7\u00e3o para reuni\u00e3o sobre obras contra enchentes nesta quinta, 30, na ACIA*"},"content":{"rendered":"<p>Objetivo \u00e9 apresentar detalhes do projeto, esclarecer d\u00favidas e orientar a popula\u00e7\u00e3o sobre as interven\u00e7\u00f5es previstas; moradores e comerciantes da regi\u00e3o central s\u00e3o o p\u00fablico-alvo_<\/p>\n<p>A Prefeitura convida moradores e propriet\u00e1rios de estabelecimentos da regi\u00e3o central de Avar\u00e9 para uma reuni\u00e3o informativa sobre as obras de combate a enchentes que ser\u00e3o realizadas no munic\u00edpio.<br \/>\nO encontro acontece nesta quinta-feira, 30, \u00e0s 9h30, na sala de reuni\u00f5es da Associa\u00e7\u00e3o Comercial, Industrial e Agropecu\u00e1ria de Avar\u00e9 (ACIA).<br \/>\nO objetivo \u00e9 apresentar detalhes do projeto, esclarecer d\u00favidas e orientar a popula\u00e7\u00e3o sobre as interven\u00e7\u00f5es previstas. O endere\u00e7o \u00e9 Rua Rio de Janeiro, n\u00ba 1622, centro.<br \/>\nNesta primeira fase, as obras v\u00e3o contemplar as ruas Pernambuco, Santa Catarina, Rio Grande do Sul e Mato Grosso, \u00e1reas que historicamente enfrentam problemas relacionados ao ac\u00famulo de \u00e1gua em per\u00edodos de chuva.<br \/>\n\u201cA participa\u00e7\u00e3o do p\u00fablico \u00e9 fundamental para garantir transpar\u00eancia ao processo e alinhar informa\u00e7\u00f5es com moradores e comerciantes diretamente impactados pelas melhorias\u201d, destaca o munic\u00edpio.<br \/>\nA Prefeitura refor\u00e7a o convite para que todos os interessados compare\u00e7am e aproveitem a oportunidade para conhecer o projeto de perto e esclarecer eventuais d\u00favidas com a equipe t\u00e9cnica respons\u00e1vel.<\/p>\n<p>*A obra*<\/p>\n<p>Conquista hist\u00f3rica do Governo Roberto Araujo, a primeira etapa das obras para amenizar o problema hist\u00f3rico das enchentes deve ter in\u00edcio em breve.<br \/>\nO projeto contempla a implanta\u00e7\u00e3o de drenagem profunda, moderniza\u00e7\u00e3o da infraestrutura vi\u00e1ria e recomposi\u00e7\u00e3o do pavimento.<br \/>\nOr\u00e7ada em R$ 12.200 milh\u00f5es, a melhoria \u00e9 fruto de conv\u00eanio entre a Prefeitura da Est\u00e2ncia Tur\u00edstica de Avar\u00e9 e o Governo do Estado de S\u00e3o Paulo, por meio da Secretaria de Governo e Rela\u00e7\u00f5es Institucionais.<\/p>\n","protected":false},"excerpt":{"rendered":"<p>Objetivo \u00e9 apresentar detalhes do projeto, esclarecer d\u00favidas e orientar a popula\u00e7\u00e3o sobre as interven\u00e7\u00f5es previstas; moradores e comerciantes da regi\u00e3o central s\u00e3o o p\u00fablico-alvo_ A Prefeitura convida moradores e propriet\u00e1rios de estabelecimentos da regi\u00e3o central de Avar\u00e9 para uma reuni\u00e3o informativa sobre as obras de combate a enchentes que ser\u00e3o realizadas no munic\u00edpio. O [&hellip;]<\/p>\n","protected":false},"author":2,"featured_media":44803,"comment_status":"open","ping_status":"open","sticky":false,"template":"","format":"standard","meta":{"footnotes":""},"categories":[58],"tags":[],"_links":{"self":[{"href":"https:\/\/sabuguinho.com.br\/site\/wp-json\/wp\/v2\/posts\/44802"}],"collection":[{"href":"https:\/\/sabuguinho.com.br\/site\/wp-json\/wp\/v2\/posts"}],"about":[{"href":"https:\/\/sabuguinho.com.br\/site\/wp-json\/wp\/v2\/types\/post"}],"author":[{"embeddable":true,"href":"https:\/\/sabuguinho.com.br\/site\/wp-json\/wp\/v2\/users\/2"}],"replies":[{"embeddable":true,"href":"https:\/\/sabuguinho.com.br\/site\/wp-json\/wp\/v2\/comments?post=44802"}],"version-history":[{"count":1,"href":"https:\/\/sabuguinho.com.br\/site\/wp-json\/wp\/v2\/posts\/44802\/revisions"}],"predecessor-version":[{"id":44804,"href":"https:\/\/sabuguinho.com.br\/site\/wp-json\/wp\/v2\/posts\/44802\/revisions\/44804"}],"wp:featuredmedia":[{"embeddable":true,"href":"https:\/\/sabuguinho.com.br\/site\/wp-json\/wp\/v2\/media\/44803"}],"wp:attachment":[{"href":"https:\/\/sabuguinho.com.br\/site\/wp-json\/wp\/v2\/media?parent=44802"}],"wp:term":[{"taxonomy":"category","embeddable":true,"href":"https:\/\/sabuguinho.com.br\/site\/wp-json\/wp\/v2\/categories?post=44802"},{"taxonomy":"post_tag","embeddable":true,"href":"https:\/\/sabuguinho.com.br\/site\/wp-json\/wp\/v2\/tags?post=44802"}],"curies":[{"name":"wp","href":"https:\/\/api.w.org\/{rel}","templated":true}]}}