{"id":44796,"date":"2026-04-28T19:22:25","date_gmt":"2026-04-28T22:22:25","guid":{"rendered":"https:\/\/sabuguinho.com.br\/site\/?p=44796"},"modified":"2026-04-28T19:22:25","modified_gmt":"2026-04-28T22:22:25","slug":"juventude-avare-participa-do-4o-encontro-estadual-da-juventude","status":"publish","type":"post","link":"https:\/\/sabuguinho.com.br\/site\/juventude-avare-participa-do-4o-encontro-estadual-da-juventude\/","title":{"rendered":"JUVENTUDE &#8211;  Avar\u00e9 participa do 4\u00ba Encontro Estadual da Juventude"},"content":{"rendered":"<p>Munic\u00edpio teve a oportunidade de compartilhar experi\u00eancias de gest\u00e3o p\u00fablica<\/p>\n<p>A Prefeitura da Est\u00e2ncia Tur\u00edstica Avar\u00e9 marcou presen\u00e7a no 4\u00ba Encontro Estadual da Juventude, no dia 24 de abril, na Arena Blue Tree Termas, em Lins, evento que reuniu representantes de diversos munic\u00edpios para discutir pol\u00edticas p\u00fablicas voltadas \u00e0s novas gera\u00e7\u00f5es. Durante a programa\u00e7\u00e3o, Avar\u00e9 contribuiu ativamente com uma palestra que abordou os principais desafios enfrentados na gest\u00e3o p\u00fablica da juventude, bem como as oportunidades estrat\u00e9gicas que podem emergir diante dessas dificuldades.<br \/>\nEntre os temas apresentados, destacaram-se alternativas como a constru\u00e7\u00e3o de parcerias p\u00fablico-privadas, a realiza\u00e7\u00e3o de eventos de impacto com baixo ou nenhum custo aos cofres p\u00fablicos e a import\u00e2ncia da criatividade e articula\u00e7\u00e3o institucional na implementa\u00e7\u00e3o de pol\u00edticas eficazes.<br \/>\nO encontro tamb\u00e9m foi marcado por um momento cultural de grande destaque. A convite do coordenador estadual da juventude, Juliano Borges, a Orquestra de Metais e Percuss\u00e3o do Col\u00e9gio Dimens\u00e3o realizou uma apresenta\u00e7\u00e3o que envolveu e emocionou o p\u00fablico presente. Composta por crian\u00e7as e adolescentes entre 8 e 17 anos, a orquestra demonstrou talento e disciplina, sendo calorosamente aplaudida e, ao final, ovacionada com pedidos de bis. Sob a reg\u00eancia do maestro Diego Paes, o grupo reafirmou o potencial transformador da cultura e da m\u00fasica na forma\u00e7\u00e3o de jovens.<br \/>\nA Prefeitura Municipal de Avar\u00e9 expressa seus agradecimentos ao mantenedor do Col\u00e9gio Dimens\u00e3o, Luiz Ribeiro, pela parceria e incentivo \u00e0 forma\u00e7\u00e3o cultural dos jovens, bem como ao prefeito Roberto Araujo, pelo cont\u00ednuo apoio \u00e0s pol\u00edticas p\u00fablicas voltadas \u00e0 juventude.<br \/>\nA participa\u00e7\u00e3o de Avar\u00e9 no encontro refor\u00e7a o compromisso do munic\u00edpio com o desenvolvimento integral dos jovens, investindo em iniciativas que promovam inclus\u00e3o, protagonismo e oportunidades reais de crescimento.<br \/>\nA Secretaria Municipal da Juventude, que tem Victor Hugo de Paschoal Castro como titular da pasta, segue de portas abertas para ouvir as demandas da juventude avareense, atendendo na Rua Par\u00e1 n\u00ba 2164, ou pelo e-mail juventude@avare.sp.gov.br.<\/p>\n","protected":false},"excerpt":{"rendered":"<p>Munic\u00edpio teve a oportunidade de compartilhar experi\u00eancias de gest\u00e3o p\u00fablica A Prefeitura da Est\u00e2ncia Tur\u00edstica Avar\u00e9 marcou presen\u00e7a no 4\u00ba Encontro Estadual da Juventude, no dia 24 de abril, na Arena Blue Tree Termas, em Lins, evento que reuniu representantes de diversos munic\u00edpios para discutir pol\u00edticas p\u00fablicas voltadas \u00e0s novas gera\u00e7\u00f5es. Durante a programa\u00e7\u00e3o, Avar\u00e9 [&hellip;]<\/p>\n","protected":false},"author":2,"featured_media":44797,"comment_status":"open","ping_status":"open","sticky":false,"template":"","format":"standard","meta":{"footnotes":""},"categories":[58],"tags":[],"_links":{"self":[{"href":"https:\/\/sabuguinho.com.br\/site\/wp-json\/wp\/v2\/posts\/44796"}],"collection":[{"href":"https:\/\/sabuguinho.com.br\/site\/wp-json\/wp\/v2\/posts"}],"about":[{"href":"https:\/\/sabuguinho.com.br\/site\/wp-json\/wp\/v2\/types\/post"}],"author":[{"embeddable":true,"href":"https:\/\/sabuguinho.com.br\/site\/wp-json\/wp\/v2\/users\/2"}],"replies":[{"embeddable":true,"href":"https:\/\/sabuguinho.com.br\/site\/wp-json\/wp\/v2\/comments?post=44796"}],"version-history":[{"count":1,"href":"https:\/\/sabuguinho.com.br\/site\/wp-json\/wp\/v2\/posts\/44796\/revisions"}],"predecessor-version":[{"id":44798,"href":"https:\/\/sabuguinho.com.br\/site\/wp-json\/wp\/v2\/posts\/44796\/revisions\/44798"}],"wp:featuredmedia":[{"embeddable":true,"href":"https:\/\/sabuguinho.com.br\/site\/wp-json\/wp\/v2\/media\/44797"}],"wp:attachment":[{"href":"https:\/\/sabuguinho.com.br\/site\/wp-json\/wp\/v2\/media?parent=44796"}],"wp:term":[{"taxonomy":"category","embeddable":true,"href":"https:\/\/sabuguinho.com.br\/site\/wp-json\/wp\/v2\/categories?post=44796"},{"taxonomy":"post_tag","embeddable":true,"href":"https:\/\/sabuguinho.com.br\/site\/wp-json\/wp\/v2\/tags?post=44796"}],"curies":[{"name":"wp","href":"https:\/\/api.w.org\/{rel}","templated":true}]}}