{"id":44779,"date":"2026-04-28T13:52:29","date_gmt":"2026-04-28T16:52:29","guid":{"rendered":"https:\/\/sabuguinho.com.br\/site\/?p=44779"},"modified":"2026-04-28T13:52:29","modified_gmt":"2026-04-28T16:52:29","slug":"joao-vitor-scalize-se-destaca-na-copa-sudoeste-de-mtb-e-leva-avare-ao-podio-estadual","status":"publish","type":"post","link":"https:\/\/sabuguinho.com.br\/site\/joao-vitor-scalize-se-destaca-na-copa-sudoeste-de-mtb-e-leva-avare-ao-podio-estadual\/","title":{"rendered":"Jo\u00e3o Vitor Scalize se destaca na Copa Sudoeste de MTB e leva Avar\u00e9 ao p\u00f3dio estadual"},"content":{"rendered":"<p>Jovem ciclista da equipe S\u00e3o Nicolau Team conquistou a 2\u00aa coloca\u00e7\u00e3o na categoria e ficou entre os melhores no geral da Etapa 2 da competi\u00e7\u00e3o realizada em Pilar do Sul<\/p>\n<p>O jovem ciclista Jo\u00e3o Vitor Scalize Paix\u00e3o, da equipe S\u00e3o Nicolau Team, de Avar\u00e9, foi um dos grandes destaques da 2\u00aa etapa da Copa Sudoeste de MTB (Mountain Bike), realizada em Pilar do Sul, no ultimo final semana, refor\u00e7ando o nome da cidade no cen\u00e1rio esportivo estadual. Na prova, disputada em um percurso de 32 quil\u00f4metros e com cerca de 1000 metros de eleva\u00e7\u00e3o, Jo\u00e3o Vitor completou o trajeto com o excelente tempo de 1h13min52s332, garantindo a 9\u00aa coloca\u00e7\u00e3o na classifica\u00e7\u00e3o geral Sport e a 2\u00aa coloca\u00e7\u00e3o em sua categoria.<br \/>\nO desempenho chama aten\u00e7\u00e3o pelo alto n\u00edvel t\u00e9cnico da competi\u00e7\u00e3o, que reuniu atletas de v\u00e1rias cidades da regi\u00e3o e exigiu preparo f\u00edsico, resist\u00eancia e estrat\u00e9gia dos participantes. A participa\u00e7\u00e3o e o resultado do atleta de 18 anos de idade, contam com o apoio da Secretaria de Esportes e Lazer da Est\u00e2ncia Tur\u00edstica de Avar\u00e9, que vem incentivando modalidades esportivas e fortalecendo o desenvolvimento de talentos locais.<br \/>\nSegundo o secret\u00e1rio de Esportes e Lazer, Carlos Roberto Bagaceira, o resultado representa n\u00e3o apenas uma conquista individual, mas tamb\u00e9m o reflexo do potencial esportivo da cidade. \u201cVer um jovem atleta de Avar\u00e9 se destacando em uma competi\u00e7\u00e3o desse n\u00edvel mostra que o investimento no esporte gera resultados reais. O Jo\u00e3o Vitor representa dedica\u00e7\u00e3o, disciplina e talento. \u00c9 motivo de orgulho para toda a cidade acompanhar esse crescimento e ver Avar\u00e9 sendo bem representada no cen\u00e1rio estadual\u201d, destacou o secret\u00e1rio.<br \/>\nCom resultados expressivos e evolu\u00e7\u00e3o constante nas competi\u00e7\u00f5es, Jo\u00e3o Vitor segue consolidando seu nome no mountain bike regional e estadual, mostrando que o esporte avareense continua revelando grandes talentos.<\/p>\n<p><img loading=\"lazy\" decoding=\"async\" src=\"https:\/\/sabuguinho.com.br\/site\/wp-content\/uploads\/2026\/04\/ac2396d266e94886b589f2f06e39bcdb-150x100.jpg\" alt=\"\" width=\"150\" height=\"100\" class=\"alignnone size-medium wp-image-44782\" srcset=\"https:\/\/sabuguinho.com.br\/site\/wp-content\/uploads\/2026\/04\/ac2396d266e94886b589f2f06e39bcdb-150x100.jpg 150w, https:\/\/sabuguinho.com.br\/site\/wp-content\/uploads\/2026\/04\/ac2396d266e94886b589f2f06e39bcdb-512x341.jpg 512w, https:\/\/sabuguinho.com.br\/site\/wp-content\/uploads\/2026\/04\/ac2396d266e94886b589f2f06e39bcdb-768x512.jpg 768w, https:\/\/sabuguinho.com.br\/site\/wp-content\/uploads\/2026\/04\/ac2396d266e94886b589f2f06e39bcdb-1536x1023.jpg 1536w, https:\/\/sabuguinho.com.br\/site\/wp-content\/uploads\/2026\/04\/ac2396d266e94886b589f2f06e39bcdb-750x500.jpg 750w, https:\/\/sabuguinho.com.br\/site\/wp-content\/uploads\/2026\/04\/ac2396d266e94886b589f2f06e39bcdb-1140x760.jpg 1140w, https:\/\/sabuguinho.com.br\/site\/wp-content\/uploads\/2026\/04\/ac2396d266e94886b589f2f06e39bcdb.jpg 1600w\" sizes=\"(max-width: 150px) 100vw, 150px\" \/><\/p>\n<p><img loading=\"lazy\" decoding=\"async\" src=\"https:\/\/sabuguinho.com.br\/site\/wp-content\/uploads\/2026\/04\/IMG-20260428-WA0078-113x150.jpg\" alt=\"\" width=\"113\" height=\"150\" class=\"alignnone size-medium wp-image-44781\" srcset=\"https:\/\/sabuguinho.com.br\/site\/wp-content\/uploads\/2026\/04\/IMG-20260428-WA0078-113x150.jpg 113w, https:\/\/sabuguinho.com.br\/site\/wp-content\/uploads\/2026\/04\/IMG-20260428-WA0078-384x512.jpg 384w, https:\/\/sabuguinho.com.br\/site\/wp-content\/uploads\/2026\/04\/IMG-20260428-WA0078-768x1024.jpg 768w, https:\/\/sabuguinho.com.br\/site\/wp-content\/uploads\/2026\/04\/IMG-20260428-WA0078-1152x1536.jpg 1152w, https:\/\/sabuguinho.com.br\/site\/wp-content\/uploads\/2026\/04\/IMG-20260428-WA0078-750x1000.jpg 750w, https:\/\/sabuguinho.com.br\/site\/wp-content\/uploads\/2026\/04\/IMG-20260428-WA0078-1140x1520.jpg 1140w, https:\/\/sabuguinho.com.br\/site\/wp-content\/uploads\/2026\/04\/IMG-20260428-WA0078.jpg 1200w\" sizes=\"(max-width: 113px) 100vw, 113px\" \/><\/p>\n","protected":false},"excerpt":{"rendered":"<p>Jovem ciclista da equipe S\u00e3o Nicolau Team conquistou a 2\u00aa coloca\u00e7\u00e3o na categoria e ficou entre os melhores no geral da Etapa 2 da competi\u00e7\u00e3o realizada em Pilar do Sul O jovem ciclista Jo\u00e3o Vitor Scalize Paix\u00e3o, da equipe S\u00e3o Nicolau Team, de Avar\u00e9, foi um dos grandes destaques da 2\u00aa etapa da Copa Sudoeste [&hellip;]<\/p>\n","protected":false},"author":2,"featured_media":44783,"comment_status":"open","ping_status":"open","sticky":false,"template":"","format":"standard","meta":{"footnotes":""},"categories":[45],"tags":[],"_links":{"self":[{"href":"https:\/\/sabuguinho.com.br\/site\/wp-json\/wp\/v2\/posts\/44779"}],"collection":[{"href":"https:\/\/sabuguinho.com.br\/site\/wp-json\/wp\/v2\/posts"}],"about":[{"href":"https:\/\/sabuguinho.com.br\/site\/wp-json\/wp\/v2\/types\/post"}],"author":[{"embeddable":true,"href":"https:\/\/sabuguinho.com.br\/site\/wp-json\/wp\/v2\/users\/2"}],"replies":[{"embeddable":true,"href":"https:\/\/sabuguinho.com.br\/site\/wp-json\/wp\/v2\/comments?post=44779"}],"version-history":[{"count":2,"href":"https:\/\/sabuguinho.com.br\/site\/wp-json\/wp\/v2\/posts\/44779\/revisions"}],"predecessor-version":[{"id":44786,"href":"https:\/\/sabuguinho.com.br\/site\/wp-json\/wp\/v2\/posts\/44779\/revisions\/44786"}],"wp:featuredmedia":[{"embeddable":true,"href":"https:\/\/sabuguinho.com.br\/site\/wp-json\/wp\/v2\/media\/44783"}],"wp:attachment":[{"href":"https:\/\/sabuguinho.com.br\/site\/wp-json\/wp\/v2\/media?parent=44779"}],"wp:term":[{"taxonomy":"category","embeddable":true,"href":"https:\/\/sabuguinho.com.br\/site\/wp-json\/wp\/v2\/categories?post=44779"},{"taxonomy":"post_tag","embeddable":true,"href":"https:\/\/sabuguinho.com.br\/site\/wp-json\/wp\/v2\/tags?post=44779"}],"curies":[{"name":"wp","href":"https:\/\/api.w.org\/{rel}","templated":true}]}}