{"id":44776,"date":"2026-04-28T13:04:08","date_gmt":"2026-04-28T16:04:08","guid":{"rendered":"https:\/\/sabuguinho.com.br\/site\/?p=44776"},"modified":"2026-04-28T13:04:08","modified_gmt":"2026-04-28T16:04:08","slug":"curso-gratuito-fortalece-geracao-de-emprego-e-renda-com-capacitacao-em-panificacao-fitness","status":"publish","type":"post","link":"https:\/\/sabuguinho.com.br\/site\/curso-gratuito-fortalece-geracao-de-emprego-e-renda-com-capacitacao-em-panificacao-fitness\/","title":{"rendered":"*Curso gratuito fortalece gera\u00e7\u00e3o de emprego e renda com capacita\u00e7\u00e3o em panifica\u00e7\u00e3o fitness*"},"content":{"rendered":"<p>Parceria entre Secretaria de Ind\u00fastria e Com\u00e9rcio, Fundo Social de Solidariedade, Servi\u00e7o Nacional de Aprendizagem Industrial, Servi\u00e7o Brasileiro de Apoio \u00e0s Micro e Pequenas Empresas e Associa\u00e7\u00e3o Comercial e Industrial de Avar\u00e9 oferece curso gratuito para qualifica\u00e7\u00e3o profissional e incentivo ao empreendedorismo_<br \/>\nA qualifica\u00e7\u00e3o profissional continua sendo uma das principais portas de entrada para o mercado de trabalho e tamb\u00e9m uma oportunidade real de gera\u00e7\u00e3o de renda para muitas fam\u00edlias. Com isso, a Prefeitura da Est\u00e2ncia Tur\u00edstica de Avar\u00e9 oferece mais um curso t\u00e9cnico gratuito: \u201cAprenda a fabricar e vender p\u00e3es e salgados fitness\u201d,  iniciativa voltada ao fortalecimento do empreendedorismo e \u00e0 cria\u00e7\u00e3o de novas oportunidades de trabalho.<br \/>\nA a\u00e7\u00e3o \u00e9 realizada por meio da parceria entre a Secretaria de Ind\u00fastria e Com\u00e9rcio, o Fundo Social de Solidariedade, o Servi\u00e7o Nacional de Aprendizagem Industrial (SENAI), o Servi\u00e7o Brasileiro de Apoio \u00e0s Micro e Pequenas Empresas (SEBRAE) e a Associa\u00e7\u00e3o Comercial e Industrial de Avar\u00e9 (ACIA). As inscri\u00e7\u00f5es podem ser realizadas pelo https:\/\/bit.ly\/Paes_e_salgados_fitness-Avare<br \/>\nO objetivo principal \u00e9 oferecer capacita\u00e7\u00e3o pr\u00e1tica para pessoas que desejam aprender uma nova profiss\u00e3o, iniciar um pequeno neg\u00f3cio pr\u00f3prio ou ampliar sua renda familiar por meio da produ\u00e7\u00e3o e comercializa\u00e7\u00e3o de alimentos fitness, um setor que cresce cada vez mais no mercado e apresenta grande potencial de vendas.<br \/>\nDurante o curso, os participantes aprender\u00e3o t\u00e9cnicas de fabrica\u00e7\u00e3o de p\u00e3es e salgados fitness, al\u00e9m de orienta\u00e7\u00f5es sobre precifica\u00e7\u00e3o, comercializa\u00e7\u00e3o e estrat\u00e9gias de venda, transformando conhecimento em oportunidade de renda e independ\u00eancia financeira.<br \/>\nMais do que uma capacita\u00e7\u00e3o, o curso representa uma ferramenta de transforma\u00e7\u00e3o social. Ao ensinar uma nova habilidade e incentivar o empreendedorismo, a iniciativa contribui diretamente para a movimenta\u00e7\u00e3o da economia local, fortalecendo pequenos neg\u00f3cios e criando novas possibilidades para trabalhadores aut\u00f4nomos e microempreendedores.<br \/>\nAs aulas ser\u00e3o realizadas nos dias 19, 20, 21, 22, 25, 26 e 27 de maio de 2026, sempre das 18h30 \u00e0s 22h30, com participa\u00e7\u00e3o totalmente gratuita. O curso acontecer\u00e1 na Garagem Municipal, localizada na Avenida An\u00e1polis, 777, no Parque Industrial Jurumirim, em Avar\u00e9.<br \/>\nA uni\u00e3o entre institui\u00e7\u00f5es p\u00fablicas e entidades parceiras refor\u00e7a o compromisso com a\u00e7\u00f5es que impactam diretamente a vida da popula\u00e7\u00e3o, promovendo capacita\u00e7\u00e3o, autonomia financeira e desenvolvimento econ\u00f4mico sustent\u00e1vel para o munic\u00edpio.<\/p>\n","protected":false},"excerpt":{"rendered":"<p>Parceria entre Secretaria de Ind\u00fastria e Com\u00e9rcio, Fundo Social de Solidariedade, Servi\u00e7o Nacional de Aprendizagem Industrial, Servi\u00e7o Brasileiro de Apoio \u00e0s Micro e Pequenas Empresas e Associa\u00e7\u00e3o Comercial e Industrial de Avar\u00e9 oferece curso gratuito para qualifica\u00e7\u00e3o profissional e incentivo ao empreendedorismo_ A qualifica\u00e7\u00e3o profissional continua sendo uma das principais portas de entrada para o [&hellip;]<\/p>\n","protected":false},"author":2,"featured_media":44777,"comment_status":"open","ping_status":"open","sticky":false,"template":"","format":"standard","meta":{"footnotes":""},"categories":[62],"tags":[],"_links":{"self":[{"href":"https:\/\/sabuguinho.com.br\/site\/wp-json\/wp\/v2\/posts\/44776"}],"collection":[{"href":"https:\/\/sabuguinho.com.br\/site\/wp-json\/wp\/v2\/posts"}],"about":[{"href":"https:\/\/sabuguinho.com.br\/site\/wp-json\/wp\/v2\/types\/post"}],"author":[{"embeddable":true,"href":"https:\/\/sabuguinho.com.br\/site\/wp-json\/wp\/v2\/users\/2"}],"replies":[{"embeddable":true,"href":"https:\/\/sabuguinho.com.br\/site\/wp-json\/wp\/v2\/comments?post=44776"}],"version-history":[{"count":1,"href":"https:\/\/sabuguinho.com.br\/site\/wp-json\/wp\/v2\/posts\/44776\/revisions"}],"predecessor-version":[{"id":44778,"href":"https:\/\/sabuguinho.com.br\/site\/wp-json\/wp\/v2\/posts\/44776\/revisions\/44778"}],"wp:featuredmedia":[{"embeddable":true,"href":"https:\/\/sabuguinho.com.br\/site\/wp-json\/wp\/v2\/media\/44777"}],"wp:attachment":[{"href":"https:\/\/sabuguinho.com.br\/site\/wp-json\/wp\/v2\/media?parent=44776"}],"wp:term":[{"taxonomy":"category","embeddable":true,"href":"https:\/\/sabuguinho.com.br\/site\/wp-json\/wp\/v2\/categories?post=44776"},{"taxonomy":"post_tag","embeddable":true,"href":"https:\/\/sabuguinho.com.br\/site\/wp-json\/wp\/v2\/tags?post=44776"}],"curies":[{"name":"wp","href":"https:\/\/api.w.org\/{rel}","templated":true}]}}