{"id":44769,"date":"2026-04-28T11:58:32","date_gmt":"2026-04-28T14:58:32","guid":{"rendered":"https:\/\/sabuguinho.com.br\/site\/?p=44769"},"modified":"2026-04-28T11:58:32","modified_gmt":"2026-04-28T14:58:32","slug":"cartorio-eleitoral-fara-plantao-especial-no-feriado-do-dia-do-trabalho-em-avare","status":"publish","type":"post","link":"https:\/\/sabuguinho.com.br\/site\/cartorio-eleitoral-fara-plantao-especial-no-feriado-do-dia-do-trabalho-em-avare\/","title":{"rendered":"CART\u00d3RIO ELEITORAL FAR\u00c1 PLANT\u00c3O ESPECIAL NO FERIADO DO DIA DO TRABALHO EM AVAR\u00c9"},"content":{"rendered":"<p>Eleitores de Avar\u00e9 e regi\u00e3o devem prestar aten\u00e7\u00e3o aos prazos da Justi\u00e7a Eleitoral. O prazo para regulariza\u00e7\u00e3o do t\u00edtulo eleitoral termina em 6 de maio. \u00c9 importante atualizar dados, transferir domic\u00edlio eleitoral, cadastrar biometria ou emitir o primeiro t\u00edtulo o quanto antes para evitar problemas.<br \/>\nA regulariza\u00e7\u00e3o permite o direito ao voto e evita impasses em servi\u00e7os que exigem situa\u00e7\u00e3o eleitoral em dia. Os procedimentos s\u00e3o simples e r\u00e1pidos, feitos em cart\u00f3rios eleitorais em S\u00e3o Paulo. Para atendimento presencial, \u00e9 necess\u00e1rio apresentar documento com foto e comprovante de resid\u00eancia. Jovens do g\u00eanero masculino entre 18 e 19 anos precisam do Certificado de Alistamento Militar.<br \/>\nO atendimento regular nos cart\u00f3rios \u00e9 de segunda a sexta-feira, das 11 \u00e0s 17 horas. No feriado prolongado da pr\u00f3xima semana, a Justi\u00e7a Eleitoral ampliou o hor\u00e1rio. No feriado de 1\u00ba de maio (sexta-feira), os cart\u00f3rios funcionar\u00e3o das 9 \u00e0s 15 horas. Nos dias 2 e 3 de maio (s\u00e1bado e domingo), o hor\u00e1rio ser\u00e1 o mesmo. De 4 a 6 de maio (segunda, ter\u00e7a e quarta-feira), o funcionamento ser\u00e1 das 9 \u00e0s 17 horas, com 6 de maio sendo o \u00faltimo prazo para regulariza\u00e7\u00e3o.<br \/>\nA Justi\u00e7a Eleitoral informa que adolescentes a partir de 15 anos podem solicitar alistamento eleitoral. O voto \u00e9 opcional dos 16 aos 18 anos e para pessoas acima de 70 anos. Em Avar\u00e9, existem dois cart\u00f3rios eleitorais: a 17\u00aa Zona Eleitoral, na Rua Santa Catarina, 781, com contato pelo telefone e WhatsApp (14) 3733-7288.<br \/>\nJ\u00e1 a 301\u00aa Zona Eleitoral atende eleitores de Arandu, Ita\u00ed e Paranapanema. Est\u00e1 localizada na Rua Par\u00e1, 840, e o contato \u00e9 pelo telefone e WhatsApp (14) 3733-7299. \u00c9 poss\u00edvel agendar atendimento pelo site do Tribunal Regional Eleitoral de S\u00e3o Paulo ou usar o sistema de Autoatendimento Eleitoral online.<\/p>\n","protected":false},"excerpt":{"rendered":"<p>Eleitores de Avar\u00e9 e regi\u00e3o devem prestar aten\u00e7\u00e3o aos prazos da Justi\u00e7a Eleitoral. O prazo para regulariza\u00e7\u00e3o do t\u00edtulo eleitoral termina em 6 de maio. \u00c9 importante atualizar dados, transferir domic\u00edlio eleitoral, cadastrar biometria ou emitir o primeiro t\u00edtulo o quanto antes para evitar problemas. A regulariza\u00e7\u00e3o permite o direito ao voto e evita impasses [&hellip;]<\/p>\n","protected":false},"author":2,"featured_media":44772,"comment_status":"open","ping_status":"open","sticky":false,"template":"","format":"standard","meta":{"footnotes":""},"categories":[58],"tags":[],"_links":{"self":[{"href":"https:\/\/sabuguinho.com.br\/site\/wp-json\/wp\/v2\/posts\/44769"}],"collection":[{"href":"https:\/\/sabuguinho.com.br\/site\/wp-json\/wp\/v2\/posts"}],"about":[{"href":"https:\/\/sabuguinho.com.br\/site\/wp-json\/wp\/v2\/types\/post"}],"author":[{"embeddable":true,"href":"https:\/\/sabuguinho.com.br\/site\/wp-json\/wp\/v2\/users\/2"}],"replies":[{"embeddable":true,"href":"https:\/\/sabuguinho.com.br\/site\/wp-json\/wp\/v2\/comments?post=44769"}],"version-history":[{"count":1,"href":"https:\/\/sabuguinho.com.br\/site\/wp-json\/wp\/v2\/posts\/44769\/revisions"}],"predecessor-version":[{"id":44773,"href":"https:\/\/sabuguinho.com.br\/site\/wp-json\/wp\/v2\/posts\/44769\/revisions\/44773"}],"wp:featuredmedia":[{"embeddable":true,"href":"https:\/\/sabuguinho.com.br\/site\/wp-json\/wp\/v2\/media\/44772"}],"wp:attachment":[{"href":"https:\/\/sabuguinho.com.br\/site\/wp-json\/wp\/v2\/media?parent=44769"}],"wp:term":[{"taxonomy":"category","embeddable":true,"href":"https:\/\/sabuguinho.com.br\/site\/wp-json\/wp\/v2\/categories?post=44769"},{"taxonomy":"post_tag","embeddable":true,"href":"https:\/\/sabuguinho.com.br\/site\/wp-json\/wp\/v2\/tags?post=44769"}],"curies":[{"name":"wp","href":"https:\/\/api.w.org\/{rel}","templated":true}]}}