{"id":44761,"date":"2026-04-28T10:15:11","date_gmt":"2026-04-28T13:15:11","guid":{"rendered":"https:\/\/sabuguinho.com.br\/site\/?p=44761"},"modified":"2026-04-28T10:15:11","modified_gmt":"2026-04-28T13:15:11","slug":"evento-avare-celebra-a-fe-crista-com-a-realizacao-da-marcha-para-jesus","status":"publish","type":"post","link":"https:\/\/sabuguinho.com.br\/site\/evento-avare-celebra-a-fe-crista-com-a-realizacao-da-marcha-para-jesus\/","title":{"rendered":"EVENTO* *Avar\u00e9 celebra a f\u00e9 crist\u00e3 com a realiza\u00e7\u00e3o da Marcha Para Jesus*"},"content":{"rendered":"<p>Atra\u00e7\u00e3o acontece no feriado do Dia do Trabalhador, com sa\u00edda \u00e0s 14h da \u201cEMAPA\u201d_<\/p>\n<p>A cidade de Avar\u00e9 se prepara para viver um dos momentos mais marcantes do calend\u00e1rio crist\u00e3o e cultural da regi\u00e3o: a Marcha Para Jesus, que acontece no dia 1\u00ba de maio, durante a Festa do Trabalhador.<br \/>\nO evento promete reunir milhares de pessoas em um grande ato p\u00fablico de f\u00e9, unidade e celebra\u00e7\u00e3o. A programa\u00e7\u00e3o ter\u00e1 in\u00edcio \u00e0s 14h, com sa\u00edda \u00e0s 14h do Parque de Exposi\u00e7\u00f5es Dr. Fernando Cruz Pimentel (recinto da EMAPA), seguindo em marcha pelas ruas da cidade at\u00e9 a Concha Ac\u00fastica  (Pra\u00e7a Prefeito Romeu Bretas), em um trajeto que simboliza n\u00e3o apenas um deslocamento f\u00edsico, mas tamb\u00e9m um testemunho coletivo de f\u00e9, esperan\u00e7a e gratid\u00e3o.<br \/>\nA data, que celebra o Dia do Trabalhador, ganha ainda mais significado ao unir louvor e reconhecimento \u00e0queles que constroem diariamente a sociedade.<\/p>\n<p>*Atra\u00e7\u00f5es*<\/p>\n<p>O evento contar\u00e1 apresenta\u00e7\u00f5es de Marcelo Gon\u00e7alves, Jottap\u00ea, Renascer Praise, Andr\u00e9 e Felipe, Ton Carfi, Julliany Souza e Gabriela Rocha. A Marcha para Jesus \u00e9 conhecida por promover valores como paz, solidariedade e comunh\u00e3o entre as igrejas, fortalecendo a f\u00e9 crist\u00e3 no espa\u00e7o p\u00fablico.<br \/>\nEm Avar\u00e9, a iniciativa conta com o apoio da COMPEV (Conselho de Ministros Evang\u00e9licos de Avar\u00e9) e da Prefeitura Municipal de Avar\u00e9, por interm\u00e9dio do prefeito Roberto Araujo, refor\u00e7ando a import\u00e2ncia da parceria entre lideran\u00e7as religiosas e o poder p\u00fablico na realiza\u00e7\u00e3o de eventos que impactam positivamente a sociedade.<br \/>\nA expectativa \u00e9 de que a Marcha para Jesus Avar\u00e9 2026 seja um dia inesquec\u00edvel, marcado por louvor, alegria e unidade, reunindo fam\u00edlias, caravanas e fi\u00e9is em uma grande celebra\u00e7\u00e3o de f\u00e9 ao ar livre.<\/p>\n<p>*Patrim\u00f4nio Cultural de Natureza Imaterial* <\/p>\n<p>A C\u00e2mara Municipal de Avar\u00e9 aprovou por unanimidade na sess\u00e3o ordin\u00e1ria de segunda-feira, 13 de abril, o Projeto de Lei 98\/2026, de autoria do Executivo, que declara e reconhece a Marcha Para Jesus como Patrim\u00f4nio Cultural de Natureza Imaterial do Munic\u00edpio.<br \/>\nTido como o maior evento crist\u00e3o do mundo, a Marcha para Jesus \u00e9 uma marcha crist\u00e3 ecum\u00eanica internacional que ocorre anualmente em milhares de cidades espalhadas pelo mundo. Em Avar\u00e9, a marcha ganhou um dia municipal no ano de 2009, atrav\u00e9s da Lei 1.162 de autoria da saudosa vereadora Marialva Biazon juntamente com o ent\u00e3o vereador e hoje prefeito, Roberto Araujo.<\/p>\n<p>Al\u00e9m do projeto que reconhece a Marcha Para Jesus como patrim\u00f4nio cultural de natureza imaterial, o Executivo tamb\u00e9m apresentou o projeto de lei 99\/2026, tamb\u00e9m aprovado por unanimidade, que promove altera\u00e7\u00e3o na data de realiza\u00e7\u00e3o da marcha em Avar\u00e9, que passou do \u00faltimo s\u00e1bado do m\u00eas de junho para o dia 1\u00ba de maio, data em que se comemora o Dia do Trabalhador.<\/p>\n<p>Entende-se por patrim\u00f4nio cultural de natureza imaterial \u00e0quelas pr\u00e1ticas e dom\u00ednios da vida social que se manifestam em saberes, of\u00edcios e modos de fazer; celebra\u00e7\u00f5es; formas de express\u00e3o c\u00eanicas, pl\u00e1sticas, musicais ou l\u00fadicas; e nos lugares (como mercados, feiras e santu\u00e1rios que abrigam pr\u00e1ticas culturais coletivas). A Constitui\u00e7\u00e3o Federal de 1988, em seus artigos 215 e 216, ampliou a no\u00e7\u00e3o de patrim\u00f4nio cultural ao reconhecer a exist\u00eancia de bens culturais de natureza material e imaterial.<\/p>\n<p>O reconhecimento da Marcha Para Jesus como patrim\u00f4nio cultural de natureza imaterial do munic\u00edpio permite que o Executivo possa promover o evento em parceria com organiza\u00e7\u00f5es da sociedade civil e integrantes do Terceiro Setor para o fomento e a valoriza\u00e7\u00e3o da marcha como express\u00e3o da cultura e da f\u00e9 do povo avareense que h\u00e1 17 anos celebra a data.<\/p>\n<p><img loading=\"lazy\" decoding=\"async\" src=\"https:\/\/sabuguinho.com.br\/site\/wp-content\/uploads\/2026\/04\/IMG-20260428-WA0026-150x100.jpg\" alt=\"\" width=\"150\" height=\"100\" class=\"alignnone size-medium wp-image-44763\" srcset=\"https:\/\/sabuguinho.com.br\/site\/wp-content\/uploads\/2026\/04\/IMG-20260428-WA0026-150x100.jpg 150w, https:\/\/sabuguinho.com.br\/site\/wp-content\/uploads\/2026\/04\/IMG-20260428-WA0026-512x342.jpg 512w, https:\/\/sabuguinho.com.br\/site\/wp-content\/uploads\/2026\/04\/IMG-20260428-WA0026.jpg 740w\" sizes=\"(max-width: 150px) 100vw, 150px\" \/><\/p>\n","protected":false},"excerpt":{"rendered":"<p>Atra\u00e7\u00e3o acontece no feriado do Dia do Trabalhador, com sa\u00edda \u00e0s 14h da \u201cEMAPA\u201d_ A cidade de Avar\u00e9 se prepara para viver um dos momentos mais marcantes do calend\u00e1rio crist\u00e3o e cultural da regi\u00e3o: a Marcha Para Jesus, que acontece no dia 1\u00ba de maio, durante a Festa do Trabalhador. O evento promete reunir milhares [&hellip;]<\/p>\n","protected":false},"author":2,"featured_media":44764,"comment_status":"open","ping_status":"open","sticky":false,"template":"","format":"standard","meta":{"footnotes":""},"categories":[58],"tags":[],"_links":{"self":[{"href":"https:\/\/sabuguinho.com.br\/site\/wp-json\/wp\/v2\/posts\/44761"}],"collection":[{"href":"https:\/\/sabuguinho.com.br\/site\/wp-json\/wp\/v2\/posts"}],"about":[{"href":"https:\/\/sabuguinho.com.br\/site\/wp-json\/wp\/v2\/types\/post"}],"author":[{"embeddable":true,"href":"https:\/\/sabuguinho.com.br\/site\/wp-json\/wp\/v2\/users\/2"}],"replies":[{"embeddable":true,"href":"https:\/\/sabuguinho.com.br\/site\/wp-json\/wp\/v2\/comments?post=44761"}],"version-history":[{"count":1,"href":"https:\/\/sabuguinho.com.br\/site\/wp-json\/wp\/v2\/posts\/44761\/revisions"}],"predecessor-version":[{"id":44765,"href":"https:\/\/sabuguinho.com.br\/site\/wp-json\/wp\/v2\/posts\/44761\/revisions\/44765"}],"wp:featuredmedia":[{"embeddable":true,"href":"https:\/\/sabuguinho.com.br\/site\/wp-json\/wp\/v2\/media\/44764"}],"wp:attachment":[{"href":"https:\/\/sabuguinho.com.br\/site\/wp-json\/wp\/v2\/media?parent=44761"}],"wp:term":[{"taxonomy":"category","embeddable":true,"href":"https:\/\/sabuguinho.com.br\/site\/wp-json\/wp\/v2\/categories?post=44761"},{"taxonomy":"post_tag","embeddable":true,"href":"https:\/\/sabuguinho.com.br\/site\/wp-json\/wp\/v2\/tags?post=44761"}],"curies":[{"name":"wp","href":"https:\/\/api.w.org\/{rel}","templated":true}]}}