{"id":44753,"date":"2026-04-27T21:25:46","date_gmt":"2026-04-28T00:25:46","guid":{"rendered":"https:\/\/sabuguinho.com.br\/site\/?p=44753"},"modified":"2026-04-27T21:25:46","modified_gmt":"2026-04-28T00:25:46","slug":"ana-castela-planeja-pausa-na-carreira-para-ajudar-o-pai-na-fazenda","status":"publish","type":"post","link":"https:\/\/sabuguinho.com.br\/site\/ana-castela-planeja-pausa-na-carreira-para-ajudar-o-pai-na-fazenda\/","title":{"rendered":"Ana Castela planeja pausa na carreira para ajudar o pai na Fazenda"},"content":{"rendered":"<p>Em participa\u00e7\u00e3o no &#8216;Altas Horas&#8217;, a Boiadeira explicou que deseja se afastar temporariamente dos palcos para se dedicar \u00e0 vida na fazenda<\/p>\n<p>Por Estad\u00e3o Conte\u00fado\/ Gente<\/p>\n<p>Ana Castela falou sobre seus planos para o futuro e disse que pretende desacelerar e dar uma pausa na carreira nos pr\u00f3ximos anos.<br \/>\nEm participa\u00e7\u00e3o no \u2018Altas Horas\u2019 no \u00faltimo s\u00e1bado, 25, a Boiadeira explicou que deseja se afastar temporariamente dos palcos para se dedicar \u00e0 vida na fazenda.<br \/>\nDurante uma conversa, Serginho Groisman sugeriu que a cantora criasse o \u201cMuseu Ana Castela\u201d, dedicado a itens usados por ela em suas turn\u00eas. O apresentador, ent\u00e3o, se surpreendeu quando ela respondeu: \u201c\u00c9 que eu vou parar daqui a dois anos, vou ser fazendeira\u201d.<br \/>\nQuestionada sobre a pausa, ela detalhou. \u201cUai, vou cuidar da fazenda com meu pai. A\u00ed eu lan\u00e7o umas musiquinhas\u201d, sugeriu. \u201cA gente faz o seguinte: trabalha por uns quatro meses e para dez. Acho bom, eu gosto\u201d, completou, em tom de brincadeira.<br \/>\nA declara\u00e7\u00e3o vem em momento agitado da carreira da sertaneja. Durante o programa, Ana destacou o projeto Heran\u00e7a Boiadeira, lan\u00e7ado em 2025 para homenagear cl\u00e1ssicos do sertanejo. Sua agenda de shows, enquanto isso, segue bastante agitada nos pr\u00f3ximos meses at\u00e9 a Festa do Pe\u00e3o de Barretos, em agosto.<\/p>\n","protected":false},"excerpt":{"rendered":"<p>Em participa\u00e7\u00e3o no &#8216;Altas Horas&#8217;, a Boiadeira explicou que deseja se afastar temporariamente dos palcos para se dedicar \u00e0 vida na fazenda Por Estad\u00e3o Conte\u00fado\/ Gente Ana Castela falou sobre seus planos para o futuro e disse que pretende desacelerar e dar uma pausa na carreira nos pr\u00f3ximos anos. Em participa\u00e7\u00e3o no \u2018Altas Horas\u2019 no [&hellip;]<\/p>\n","protected":false},"author":2,"featured_media":44756,"comment_status":"open","ping_status":"open","sticky":false,"template":"","format":"standard","meta":{"footnotes":""},"categories":[65],"tags":[],"_links":{"self":[{"href":"https:\/\/sabuguinho.com.br\/site\/wp-json\/wp\/v2\/posts\/44753"}],"collection":[{"href":"https:\/\/sabuguinho.com.br\/site\/wp-json\/wp\/v2\/posts"}],"about":[{"href":"https:\/\/sabuguinho.com.br\/site\/wp-json\/wp\/v2\/types\/post"}],"author":[{"embeddable":true,"href":"https:\/\/sabuguinho.com.br\/site\/wp-json\/wp\/v2\/users\/2"}],"replies":[{"embeddable":true,"href":"https:\/\/sabuguinho.com.br\/site\/wp-json\/wp\/v2\/comments?post=44753"}],"version-history":[{"count":1,"href":"https:\/\/sabuguinho.com.br\/site\/wp-json\/wp\/v2\/posts\/44753\/revisions"}],"predecessor-version":[{"id":44757,"href":"https:\/\/sabuguinho.com.br\/site\/wp-json\/wp\/v2\/posts\/44753\/revisions\/44757"}],"wp:featuredmedia":[{"embeddable":true,"href":"https:\/\/sabuguinho.com.br\/site\/wp-json\/wp\/v2\/media\/44756"}],"wp:attachment":[{"href":"https:\/\/sabuguinho.com.br\/site\/wp-json\/wp\/v2\/media?parent=44753"}],"wp:term":[{"taxonomy":"category","embeddable":true,"href":"https:\/\/sabuguinho.com.br\/site\/wp-json\/wp\/v2\/categories?post=44753"},{"taxonomy":"post_tag","embeddable":true,"href":"https:\/\/sabuguinho.com.br\/site\/wp-json\/wp\/v2\/tags?post=44753"}],"curies":[{"name":"wp","href":"https:\/\/api.w.org\/{rel}","templated":true}]}}