{"id":44731,"date":"2026-04-27T16:44:53","date_gmt":"2026-04-27T19:44:53","guid":{"rendered":"https:\/\/sabuguinho.com.br\/site\/?p=44731"},"modified":"2026-04-27T16:44:53","modified_gmt":"2026-04-27T19:44:53","slug":"avare-busca-novos-investimentos-e-fortalece-estrategias-para-atracao-de-empresas","status":"publish","type":"post","link":"https:\/\/sabuguinho.com.br\/site\/avare-busca-novos-investimentos-e-fortalece-estrategias-para-atracao-de-empresas\/","title":{"rendered":"Avar\u00e9 busca novos investimentos e fortalece estrat\u00e9gias para atra\u00e7\u00e3o de empresas"},"content":{"rendered":"<p>Secret\u00e1rio de Ind\u00fastria e Com\u00e9rcio participa de reuni\u00e3o na InvestSP e conhece programas que podem ampliar a competitividade do munic\u00edpio e impulsionar o desenvolvimento econ\u00f4mico local<\/p>\n<p>Na quinta-feira, 23, a equipe da Secretaria de Ind\u00fastria e Com\u00e9rcio de Avar\u00e9 esteve na sede da InvestSP, \u00f3rg\u00e3o ligado \u00e0 Secretaria de Desenvolvimento Econ\u00f4mico do Estado de S\u00e3o Paulo, em uma agenda estrat\u00e9gica voltada ao fortalecimento da economia local e \u00e0 atra\u00e7\u00e3o de novos investimentos para o munic\u00edpio.<br \/>\nDurante a visita, a comitiva participou de uma reuni\u00e3o com Elisabete Donato, gerente de Competitividade dos Munic\u00edpios, Carolina Gon\u00e7alves, analista de Competitividade dos Munic\u00edpios, e Rebeka Pinaffo do Santo, estagi\u00e1ria da \u00e1rea de Competitividade dos Munic\u00edpios.<br \/>\nO encontro teve como foco a apresenta\u00e7\u00e3o de programas dispon\u00edveis para apoiar os munic\u00edpios no desenvolvimento econ\u00f4mico, na gera\u00e7\u00e3o de oportunidades e na cria\u00e7\u00e3o de estrat\u00e9gias mais assertivas para capta\u00e7\u00e3o de empresas e fortalecimento da cadeia produtiva local.<br \/>\nEntre os destaques da reuni\u00e3o, a equipe conheceu o programa Munic\u00edpio Global, uma nova iniciativa que auxilia as cidades na identifica\u00e7\u00e3o de potenciais econ\u00f4micos, no mapeamento de voca\u00e7\u00f5es produtivas e na constru\u00e7\u00e3o de estrat\u00e9gias para atrair empresas compat\u00edveis com a realidade e as necessidades de cada munic\u00edpio.<br \/>\nA proposta permite que Avar\u00e9 se posicione de forma mais estrat\u00e9gica no cen\u00e1rio estadual e nacional, ampliando sua capacidade de atrair investimentos sustent\u00e1veis, fortalecer o setor produtivo e gerar emprego e renda para a popula\u00e7\u00e3o.<br \/>\nSegundo o secret\u00e1rio de Ind\u00fastria e Com\u00e9rcio, Ricardinho, o objetivo \u00e9 buscar ferramentas que permitam ao munic\u00edpio crescer com planejamento, organiza\u00e7\u00e3o e intelig\u00eancia econ\u00f4mica, valorizando as potencialidades locais e criando um ambiente favor\u00e1vel para novos empreendimentos.<br \/>\nA aproxima\u00e7\u00e3o com a InvestSP representa mais um passo importante dentro da pol\u00edtica de desenvolvimento econ\u00f4mico do munic\u00edpio, refor\u00e7ando o compromisso com a\u00e7\u00f5es que geram impacto direto na vida da popula\u00e7\u00e3o e contribuem para o fortalecimento do setor empresarial de Avar\u00e9.<br \/>\nA expectativa \u00e9 que, a partir dessa articula\u00e7\u00e3o, novas oportunidades possam surgir, consolidando o munic\u00edpio como um polo atrativo para investidores e empresas que buscam crescimento, estrutura e potencial de expans\u00e3o no interior paulista.<\/p>\n<p>Legenda<br \/>\nAvareenses durante visita \u00e0 InvestSP<\/p>\n","protected":false},"excerpt":{"rendered":"<p>Secret\u00e1rio de Ind\u00fastria e Com\u00e9rcio participa de reuni\u00e3o na InvestSP e conhece programas que podem ampliar a competitividade do munic\u00edpio e impulsionar o desenvolvimento econ\u00f4mico local Na quinta-feira, 23, a equipe da Secretaria de Ind\u00fastria e Com\u00e9rcio de Avar\u00e9 esteve na sede da InvestSP, \u00f3rg\u00e3o ligado \u00e0 Secretaria de Desenvolvimento Econ\u00f4mico do Estado de S\u00e3o [&hellip;]<\/p>\n","protected":false},"author":2,"featured_media":44732,"comment_status":"open","ping_status":"open","sticky":false,"template":"","format":"standard","meta":{"footnotes":""},"categories":[58],"tags":[],"_links":{"self":[{"href":"https:\/\/sabuguinho.com.br\/site\/wp-json\/wp\/v2\/posts\/44731"}],"collection":[{"href":"https:\/\/sabuguinho.com.br\/site\/wp-json\/wp\/v2\/posts"}],"about":[{"href":"https:\/\/sabuguinho.com.br\/site\/wp-json\/wp\/v2\/types\/post"}],"author":[{"embeddable":true,"href":"https:\/\/sabuguinho.com.br\/site\/wp-json\/wp\/v2\/users\/2"}],"replies":[{"embeddable":true,"href":"https:\/\/sabuguinho.com.br\/site\/wp-json\/wp\/v2\/comments?post=44731"}],"version-history":[{"count":1,"href":"https:\/\/sabuguinho.com.br\/site\/wp-json\/wp\/v2\/posts\/44731\/revisions"}],"predecessor-version":[{"id":44733,"href":"https:\/\/sabuguinho.com.br\/site\/wp-json\/wp\/v2\/posts\/44731\/revisions\/44733"}],"wp:featuredmedia":[{"embeddable":true,"href":"https:\/\/sabuguinho.com.br\/site\/wp-json\/wp\/v2\/media\/44732"}],"wp:attachment":[{"href":"https:\/\/sabuguinho.com.br\/site\/wp-json\/wp\/v2\/media?parent=44731"}],"wp:term":[{"taxonomy":"category","embeddable":true,"href":"https:\/\/sabuguinho.com.br\/site\/wp-json\/wp\/v2\/categories?post=44731"},{"taxonomy":"post_tag","embeddable":true,"href":"https:\/\/sabuguinho.com.br\/site\/wp-json\/wp\/v2\/tags?post=44731"}],"curies":[{"name":"wp","href":"https:\/\/api.w.org\/{rel}","templated":true}]}}