{"id":44726,"date":"2026-04-27T16:37:38","date_gmt":"2026-04-27T19:37:38","guid":{"rendered":"https:\/\/sabuguinho.com.br\/site\/?p=44726"},"modified":"2026-04-27T16:37:38","modified_gmt":"2026-04-27T19:37:38","slug":"relator-opina-pela-procedencia-de-denuncia-contra-presidente-da-camara-de-avare","status":"publish","type":"post","link":"https:\/\/sabuguinho.com.br\/site\/relator-opina-pela-procedencia-de-denuncia-contra-presidente-da-camara-de-avare\/","title":{"rendered":"RELATOR OPINA PELA PROCED\u00caNCIA DE DEN\u00daNCIA CONTRA PRESIDENTE DA C\u00c2MARA DE AVAR\u00c9"},"content":{"rendered":"<p>O vereador Magno Greguer protocolou na manh\u00e3 desta segunda-feira (27) o relat\u00f3rio final da Comiss\u00e3o Processante (CP) que apura suposta quebra de decoro parlamentar do presidente da C\u00e2mara Municipal de Avar\u00e9, vereador Cabo Samuel Paes.<br \/>\nO documento, assinado pelo relator, opina pela proced\u00eancia da den\u00fancia. Em pronunciamento nas redes sociais, Greguer afirmou: \u201cAcabei de protocolar o relat\u00f3rio final da CP. Como todos sabem, a gente \u00e9 obrigado a opinar pela proced\u00eancia ou improced\u00eancia. Optei pela proced\u00eancia\u201d.<br \/>\nSegundo o relator, o parecer ser\u00e1 encaminhado ao presidente da comiss\u00e3o, que decidir\u00e1 se concorda ou n\u00e3o com a conclus\u00e3o. \u201cO meu pedido foi pela proced\u00eancia para que v\u00e1 ao plen\u00e1rio. Hoje o plen\u00e1rio \u00e9 soberano, para que os vereadores votem em rela\u00e7\u00e3o a isso\u201d, explicou Greguer.<br \/>\nDe acordo com informa\u00e7\u00f5es obtidas pelo A Voz do Vale, n\u00e3o haver\u00e1 um relat\u00f3rio separado. O documento protocolado ser\u00e1 votado diretamente pelo plen\u00e1rio da C\u00e2mara.<br \/>\nPara que haja a cassa\u00e7\u00e3o do presidente, s\u00e3o necess\u00e1rios 9 votos favor\u00e1veis entre os vereadores. Com o relat\u00f3rio protocolado, caber\u00e1 agora \u00e0 Mesa Diretora da Casa incluir o caso na pauta de vota\u00e7\u00e3o.<br \/>\nA Comiss\u00e3o Processante \u00e9 formada por tr\u00eas vereadores: Hidalgo Andr\u00e9 de Freitas como presidente, Magno Greguer como relator e Moacir Lima como membro.<\/p>\n<p>Cronograma das oitivas: quem foi ouvido e quando<\/p>\n<p>A Comiss\u00e3o Processante foi instaurada em 2 de fevereiro de 2026 e, desde ent\u00e3o, realizou uma s\u00e9rie de oitivas.<br \/>\nAs otividas come\u00e7aram no dia 17 de mar\u00e7o. A primeira a prestar depoimento foi Juliane Cristina de Oliveira, autora da den\u00fancia que motivou a abertura do processo.<br \/>\nJ\u00e1 no dia 25 de mar\u00e7o, foram ouvidas quatro testemunhas: Rodrigo Zamonelli e Jos\u00e9 Fernando Theodoro da Silva, ambos servidores da C\u00e2mara, al\u00e9m de F\u00e1bio Cromeck e Jos\u00e9 Ricardo Godoy. No dia 26 de mar\u00e7o, foi a vez de Vin\u00edcius Berna, mun\u00edcipe que foi retirado do plen\u00e1rio no dia do epis\u00f3dio, e do delegado Rubens C\u00e9sar Garcia Jorge prestarem depoimento. J\u00e1 no dia 27 de mar\u00e7o, o presidente da C\u00e2mara e denunciado, Cabo Samuel Paes, foi ouvido pela comiss\u00e3o.<br \/>\nNo dia 17 de abril, uma reviravolta marcou as oitivas da Comiss\u00e3o Processante. O depoimento da mun\u00edcipe Priscila Regina Bexiga trouxe revela\u00e7\u00f5es importantes. Sob juramento, ela afirmou que a den\u00fancia n\u00e3o partiu espontaneamente da denunciante oficial, Juliane Oliveira, mas sim que a jornalista Cida Koch, respons\u00e1vel pelo Jornal In Foco, teria sido a \u201cmentora intelectual\u201d e verdadeira autora da minuta da den\u00fancia.<br \/>\nA defesa do vereador Cabo Samuel Paes, conduzida pelo advogado Jo\u00e3o Drummont de Freitas, questionou a testemunha sobre o car\u00e1ter das publica\u00e7\u00f5es do jornal. Priscila confirmou que as mat\u00e9rias eram \u201ctendenciosas\u201d e \u201cplanejadas\u201d com o objetivo de for\u00e7ar a cassa\u00e7\u00e3o do presidente da Casa.<br \/>\nProcurada pelo A Voz do Vale, a jornalista Cida Koch n\u00e3o se manifestou ao jornal, somente postando o seu lado em seu site de not\u00edcias.<\/p>\n<p>O epis\u00f3dio que deu origem \u00e0 den\u00fancia<\/p>\n<p>As apura\u00e7\u00f5es t\u00eam como pano de fundo os acontecimentos ocorridos durante uma sess\u00e3o extraordin\u00e1ria no dia 1\u00ba de dezembro de 2025, quando foi aprovado um projeto de lei que reajustava os sal\u00e1rios dos vereadores. Na ocasi\u00e3o, o mun\u00edcipe Vin\u00edcius Berna protestou de forma veemente contra a proposta.<br \/>\nO presidente da Casa, Cabo Samuel Paes, solicitou que ele se manifestasse de forma pac\u00edfica. Diante da recusa, Paes determinou a retirada do cidad\u00e3o do plen\u00e1rio. Berna foi imobilizado e retirado \u00e0 for\u00e7a por quatro pessoas, entre elas o pr\u00f3prio presidente.<br \/>\nAp\u00f3s o epis\u00f3dio, Vin\u00edcius Berna registrou boletim de ocorr\u00eancia, relatando ter sido agredido pelas quatro pessoas, com arranh\u00f5es no rosto e nos bra\u00e7os. Em publica\u00e7\u00f5es nas redes sociais, ele admitiu ter se exaltado devido \u00e0 indigna\u00e7\u00e3o com o projeto, mas negou ter agredido intencionalmente os servidores.<br \/>\nA C\u00e2mara Municipal, por sua vez, afirmou que a confus\u00e3o foi registrada pelas c\u00e2meras de seguran\u00e7a e que n\u00e3o houve agress\u00e3o por parte dos servidores ou do presidente, tratando-se de uma imobiliza\u00e7\u00e3o leg\u00edtima diante da resist\u00eancia e agressividade do mun\u00edcipe.<br \/>\nA Casa informou que as imagens foram entregues \u00e0s autoridades e reiterou que n\u00e3o tolerar\u00e1 a\u00e7\u00f5es que atentem contra a ordem no Legislativo.<br \/>\nEm pronunciamento, o presidente Cabo Samuel Paes classificou o ocorrido como \u201ctriste\u201d e defendeu sua atitude como necess\u00e1ria para \u201cpreservar a seguran\u00e7a\u201d. Ele afirmou que agiu como policial para imobilizar e retirar o indiv\u00edduo ap\u00f3s as devidas advert\u00eancias.<br \/>\nCom o relat\u00f3rio protocolado opinando pela proced\u00eancia, a palavra final ser\u00e1 do plen\u00e1rio. Caber\u00e1 aos vereadores decidir se o presidente da C\u00e2mara cometeu ou n\u00e3o quebra de decoro parlamentar. A vota\u00e7\u00e3o pode ocorrer nos pr\u00f3ximos dias, ap\u00f3s defini\u00e7\u00e3o da Mesa Diretora.<br \/>\nComo fez desde o come\u00e7o, o A Voz do Vale seguir\u00e1 acompanhando o caso e trar\u00e1 atualiza\u00e7\u00f5es assim que houver novos desdobramentos.<\/p>\n","protected":false},"excerpt":{"rendered":"<p>O vereador Magno Greguer protocolou na manh\u00e3 desta segunda-feira (27) o relat\u00f3rio final da Comiss\u00e3o Processante (CP) que apura suposta quebra de decoro parlamentar do presidente da C\u00e2mara Municipal de Avar\u00e9, vereador Cabo Samuel Paes. O documento, assinado pelo relator, opina pela proced\u00eancia da den\u00fancia. Em pronunciamento nas redes sociais, Greguer afirmou: \u201cAcabei de protocolar [&hellip;]<\/p>\n","protected":false},"author":2,"featured_media":44728,"comment_status":"open","ping_status":"open","sticky":false,"template":"","format":"standard","meta":{"footnotes":""},"categories":[58],"tags":[],"_links":{"self":[{"href":"https:\/\/sabuguinho.com.br\/site\/wp-json\/wp\/v2\/posts\/44726"}],"collection":[{"href":"https:\/\/sabuguinho.com.br\/site\/wp-json\/wp\/v2\/posts"}],"about":[{"href":"https:\/\/sabuguinho.com.br\/site\/wp-json\/wp\/v2\/types\/post"}],"author":[{"embeddable":true,"href":"https:\/\/sabuguinho.com.br\/site\/wp-json\/wp\/v2\/users\/2"}],"replies":[{"embeddable":true,"href":"https:\/\/sabuguinho.com.br\/site\/wp-json\/wp\/v2\/comments?post=44726"}],"version-history":[{"count":1,"href":"https:\/\/sabuguinho.com.br\/site\/wp-json\/wp\/v2\/posts\/44726\/revisions"}],"predecessor-version":[{"id":44729,"href":"https:\/\/sabuguinho.com.br\/site\/wp-json\/wp\/v2\/posts\/44726\/revisions\/44729"}],"wp:featuredmedia":[{"embeddable":true,"href":"https:\/\/sabuguinho.com.br\/site\/wp-json\/wp\/v2\/media\/44728"}],"wp:attachment":[{"href":"https:\/\/sabuguinho.com.br\/site\/wp-json\/wp\/v2\/media?parent=44726"}],"wp:term":[{"taxonomy":"category","embeddable":true,"href":"https:\/\/sabuguinho.com.br\/site\/wp-json\/wp\/v2\/categories?post=44726"},{"taxonomy":"post_tag","embeddable":true,"href":"https:\/\/sabuguinho.com.br\/site\/wp-json\/wp\/v2\/tags?post=44726"}],"curies":[{"name":"wp","href":"https:\/\/api.w.org\/{rel}","templated":true}]}}