{"id":44687,"date":"2026-04-27T11:50:44","date_gmt":"2026-04-27T14:50:44","guid":{"rendered":"https:\/\/sabuguinho.com.br\/site\/?p=44687"},"modified":"2026-04-27T11:50:44","modified_gmt":"2026-04-27T14:50:44","slug":"feira-da-lua-tem-data-alterada-nesta-semana-e-sera-realizada-na-quinta-feira-30-de-abril","status":"publish","type":"post","link":"https:\/\/sabuguinho.com.br\/site\/feira-da-lua-tem-data-alterada-nesta-semana-e-sera-realizada-na-quinta-feira-30-de-abril\/","title":{"rendered":"Feira da Lua tem data alterada nesta semana e ser\u00e1 realizada na quinta-feira, 30 de abril"},"content":{"rendered":"<p>Mudan\u00e7a acontece em raz\u00e3o da realiza\u00e7\u00e3o da Marcha para Jesus na Concha Ac\u00fastica; evento segue a partir das 16 horas mantendo tradi\u00e7\u00e3o, gera\u00e7\u00e3o de renda e encontro das fam\u00edlias avareenses<\/p>\n<p>Uma das programa\u00e7\u00f5es mais aguardadas da semana pelos moradores de Avar\u00e9 ter\u00e1 mudan\u00e7a excepcional nesta semana. Em raz\u00e3o do feriado de 1\u00ba de maio e da realiza\u00e7\u00e3o da Marcha para Jesus na Concha Ac\u00fastica, a tradicional Feira da Lua acontecer\u00e1 na quinta-feira, 30 de abril, a partir das 16 horas.<br \/>\nMuito mais do que uma feira livre, o evento j\u00e1 faz parte da rotina e da mem\u00f3ria afetiva da popula\u00e7\u00e3o. Para muitas fam\u00edlias, a Feira da Lua representa encontro, conviv\u00eancia e aquele momento especial de caminhar entre as barracas, rever amigos e aproveitar o clima acolhedor das noites avareenses.<br \/>\nAl\u00e9m do aspecto social e cultural, a feira tamb\u00e9m tem papel fundamental na gera\u00e7\u00e3o de emprego e renda, sendo respons\u00e1vel pelo sustento de in\u00fameras fam\u00edlias que encontram ali uma importante oportunidade de trabalho e fortalecimento da economia local.<br \/>\n\u00c9 na Feira da Lua que o avareense encontra verduras, legumes e frutas frescas, al\u00e9m de lanches, espetinhos, doces, bolos, bebidas e brinquedos para as crian\u00e7as. O espa\u00e7o re\u00fane sabores, tradi\u00e7\u00e3o e a simplicidade de um ambiente onde a conversa boa tamb\u00e9m faz parte da experi\u00eancia.<br \/>\nFrequentada por moradores de diferentes bairros e tamb\u00e9m por visitantes, a feira se consolidou como um dos eventos semanais mais queridos da cidade, fortalecendo o com\u00e9rcio local e valorizando pequenos produtores e empreendedores. Mesmo com a mudan\u00e7a de data nesta semana, a expectativa \u00e9 de mais uma noite de movimento, reencontros e valoriza\u00e7\u00e3o daquilo que Avar\u00e9 tem de mais forte: sua gente, sua tradi\u00e7\u00e3o e a for\u00e7a do trabalho de quem faz a cidade acontecer todos os dias<\/p>\n<p>.<\/p>\n","protected":false},"excerpt":{"rendered":"<p>Mudan\u00e7a acontece em raz\u00e3o da realiza\u00e7\u00e3o da Marcha para Jesus na Concha Ac\u00fastica; evento segue a partir das 16 horas mantendo tradi\u00e7\u00e3o, gera\u00e7\u00e3o de renda e encontro das fam\u00edlias avareenses Uma das programa\u00e7\u00f5es mais aguardadas da semana pelos moradores de Avar\u00e9 ter\u00e1 mudan\u00e7a excepcional nesta semana. Em raz\u00e3o do feriado de 1\u00ba de maio e [&hellip;]<\/p>\n","protected":false},"author":2,"featured_media":44690,"comment_status":"open","ping_status":"open","sticky":false,"template":"","format":"standard","meta":{"footnotes":""},"categories":[58],"tags":[],"_links":{"self":[{"href":"https:\/\/sabuguinho.com.br\/site\/wp-json\/wp\/v2\/posts\/44687"}],"collection":[{"href":"https:\/\/sabuguinho.com.br\/site\/wp-json\/wp\/v2\/posts"}],"about":[{"href":"https:\/\/sabuguinho.com.br\/site\/wp-json\/wp\/v2\/types\/post"}],"author":[{"embeddable":true,"href":"https:\/\/sabuguinho.com.br\/site\/wp-json\/wp\/v2\/users\/2"}],"replies":[{"embeddable":true,"href":"https:\/\/sabuguinho.com.br\/site\/wp-json\/wp\/v2\/comments?post=44687"}],"version-history":[{"count":1,"href":"https:\/\/sabuguinho.com.br\/site\/wp-json\/wp\/v2\/posts\/44687\/revisions"}],"predecessor-version":[{"id":44691,"href":"https:\/\/sabuguinho.com.br\/site\/wp-json\/wp\/v2\/posts\/44687\/revisions\/44691"}],"wp:featuredmedia":[{"embeddable":true,"href":"https:\/\/sabuguinho.com.br\/site\/wp-json\/wp\/v2\/media\/44690"}],"wp:attachment":[{"href":"https:\/\/sabuguinho.com.br\/site\/wp-json\/wp\/v2\/media?parent=44687"}],"wp:term":[{"taxonomy":"category","embeddable":true,"href":"https:\/\/sabuguinho.com.br\/site\/wp-json\/wp\/v2\/categories?post=44687"},{"taxonomy":"post_tag","embeddable":true,"href":"https:\/\/sabuguinho.com.br\/site\/wp-json\/wp\/v2\/tags?post=44687"}],"curies":[{"name":"wp","href":"https:\/\/api.w.org\/{rel}","templated":true}]}}