{"id":44663,"date":"2026-04-25T20:02:31","date_gmt":"2026-04-25T23:02:31","guid":{"rendered":"https:\/\/sabuguinho.com.br\/site\/?p=44663"},"modified":"2026-04-25T20:02:31","modified_gmt":"2026-04-25T23:02:31","slug":"avare-suspende-taxa-de-protecao-a-desastres-e-preve-devolucao-de-valores","status":"publish","type":"post","link":"https:\/\/sabuguinho.com.br\/site\/avare-suspende-taxa-de-protecao-a-desastres-e-preve-devolucao-de-valores\/","title":{"rendered":"Avar\u00e9 suspende taxa de prote\u00e7\u00e3o a desastres e prev\u00ea devolu\u00e7\u00e3o de valores"},"content":{"rendered":"<p>legenda: A decis\u00e3o considera questionamentos encaminhados ao Minist\u00e9rio P\u00fablico do Estado de S\u00e3o Paulo<\/p>\n<p>Fonte da Foto: Secretaria de Rela\u00e7\u00f5es P\u00fablicas<\/p>\n<p>A Prefeitura da Est\u00e2ncia Tur\u00edstica de Avar\u00e9 suspendeu o lan\u00e7amento da Taxa de Prote\u00e7\u00e3o a Desastres no munic\u00edpio. A medida foi oficializada por meio do Decreto n\u00ba 8.724, de 16 de abril de 2026.<br \/>\nA decis\u00e3o considera questionamentos encaminhados ao Minist\u00e9rio P\u00fablico do Estado de S\u00e3o Paulo, por meio da Not\u00edcia de Fato n\u00ba 0201.0000073\/2026, al\u00e9m de entendimento firmado na A\u00e7\u00e3o Direta de Inconstitucionalidade n\u00ba 22722801-90.2023.8.26.0000, que estabelece que o custeio de servi\u00e7os como os do Corpo de Bombeiros deve ocorrer por meio de tributo estadual.<br \/>\nO decreto tamb\u00e9m se apoia nas S\u00famulas 473 e 346 do Supremo Tribunal Federal, que autorizam a administra\u00e7\u00e3o p\u00fablica a anular ou revisar atos quando identificadas irregularidades.<br \/>\nCom a publica\u00e7\u00e3o, fica suspensa a cobran\u00e7a da taxa, conforme previsto na legisla\u00e7\u00e3o municipal (Lei Complementar n\u00ba 225\/2016).<br \/>\nOutro ponto previsto \u00e9 a restitui\u00e7\u00e3o dos valores j\u00e1 pagos. De acordo com o texto, os contribuintes que efetuaram pagamentos, totais ou parciais, ter\u00e3o os valores devolvidos por meio de cr\u00e9dito tribut\u00e1rio, sem necessidade de solicita\u00e7\u00e3o, conforme regras do regime de compensa\u00e7\u00e3o.<\/p>\n<p>O decreto entrou em vigor na data de sua publica\u00e7\u00e3o.<\/p>\n<p>O conte\u00fado completo pode ser consultado no Seman\u00e1rio Oficial Digital de quarta-feira, 22 de abril.<\/p>\n","protected":false},"excerpt":{"rendered":"<p>legenda: A decis\u00e3o considera questionamentos encaminhados ao Minist\u00e9rio P\u00fablico do Estado de S\u00e3o Paulo Fonte da Foto: Secretaria de Rela\u00e7\u00f5es P\u00fablicas A Prefeitura da Est\u00e2ncia Tur\u00edstica de Avar\u00e9 suspendeu o lan\u00e7amento da Taxa de Prote\u00e7\u00e3o a Desastres no munic\u00edpio. A medida foi oficializada por meio do Decreto n\u00ba 8.724, de 16 de abril de 2026. [&hellip;]<\/p>\n","protected":false},"author":2,"featured_media":44664,"comment_status":"open","ping_status":"open","sticky":false,"template":"","format":"standard","meta":{"footnotes":""},"categories":[111],"tags":[],"_links":{"self":[{"href":"https:\/\/sabuguinho.com.br\/site\/wp-json\/wp\/v2\/posts\/44663"}],"collection":[{"href":"https:\/\/sabuguinho.com.br\/site\/wp-json\/wp\/v2\/posts"}],"about":[{"href":"https:\/\/sabuguinho.com.br\/site\/wp-json\/wp\/v2\/types\/post"}],"author":[{"embeddable":true,"href":"https:\/\/sabuguinho.com.br\/site\/wp-json\/wp\/v2\/users\/2"}],"replies":[{"embeddable":true,"href":"https:\/\/sabuguinho.com.br\/site\/wp-json\/wp\/v2\/comments?post=44663"}],"version-history":[{"count":1,"href":"https:\/\/sabuguinho.com.br\/site\/wp-json\/wp\/v2\/posts\/44663\/revisions"}],"predecessor-version":[{"id":44665,"href":"https:\/\/sabuguinho.com.br\/site\/wp-json\/wp\/v2\/posts\/44663\/revisions\/44665"}],"wp:featuredmedia":[{"embeddable":true,"href":"https:\/\/sabuguinho.com.br\/site\/wp-json\/wp\/v2\/media\/44664"}],"wp:attachment":[{"href":"https:\/\/sabuguinho.com.br\/site\/wp-json\/wp\/v2\/media?parent=44663"}],"wp:term":[{"taxonomy":"category","embeddable":true,"href":"https:\/\/sabuguinho.com.br\/site\/wp-json\/wp\/v2\/categories?post=44663"},{"taxonomy":"post_tag","embeddable":true,"href":"https:\/\/sabuguinho.com.br\/site\/wp-json\/wp\/v2\/tags?post=44663"}],"curies":[{"name":"wp","href":"https:\/\/api.w.org\/{rel}","templated":true}]}}